{"id":10908,"date":"2022-01-25T20:55:54","date_gmt":"2022-01-25T19:55:54","guid":{"rendered":"https:\/\/agora.xtec.cat\/escolalavilapalamos\/?p=10908"},"modified":"2022-01-30T21:04:49","modified_gmt":"2022-01-30T20:04:49","slug":"3r-i-4t-van-a-teatre-2","status":"publish","type":"post","link":"https:\/\/agora.xtec.cat\/escolalavilapalamos\/general\/3r-i-4t-van-a-teatre-2\/","title":{"rendered":"3r i 4t van a teatre"},"content":{"rendered":"<header class=\"entry-header\"><\/header>\n<div class=\"entry-content\">\n<div class=\"entry-content\">\n<p>El proper <strong>divendres 28 de gener de 2022<\/strong> els nens i nenes de 3r i 4t van a veure l\u2019espectacle <i>Les croquetes oblidades<\/i> de <a href=\"https:\/\/www.facebook.com\/Les-Bianchis-122916194529226\/\">Cia. Les Bianchis<\/a> a La Gorga. 10 h del mat\u00ed.<img loading=\"lazy\" decoding=\"async\" class=\" wp-image-10909 alignright\" src=\"https:\/\/agora.xtec.cat\/escolalavilapalamos\/wp-content\/uploads\/usu897\/2022\/01\/CARTELL_2021_TEATRE-BARCELONA-teatre_poliorama_les_croquetes_oblidades-209x300.jpg\" alt=\"\" width=\"260\" height=\"373\" srcset=\"https:\/\/agora.xtec.cat\/escolalavilapalamos\/wp-content\/uploads\/usu897\/2022\/01\/CARTELL_2021_TEATRE-BARCELONA-teatre_poliorama_les_croquetes_oblidades-209x300.jpg 209w, https:\/\/agora.xtec.cat\/escolalavilapalamos\/wp-content\/uploads\/usu897\/2022\/01\/CARTELL_2021_TEATRE-BARCELONA-teatre_poliorama_les_croquetes_oblidades.jpg 390w\" sizes=\"auto, (max-width: 260px) 100vw, 260px\" \/><\/p>\n<p>La Pepa \u00e9s una nena vital i amb una gran imaginaci\u00f3 que acaba de perdre la seva \u00e0via i est\u00e0 intentant adaptar-se a una nova escola, uns nous amics i una nova ciutat. Enganxada a una manta que l\u2019ajuda a dormir i enfadada amb les seves dues mares perqu\u00e8 no recorden la recepta de les croquetes de l\u2019\u00e0via, la Pepa emprendr\u00e0 un viatge cap al Pa\u00eds del Xim\u00a0 Pum, l\u2019indret m\u00e0gic on van a parar les coses oblidades. Mentre les seves mares intenten\u00a0 organitzar el comiat de l\u2019\u00e0via i protegir la seva filla de la tristesa que li suposaria assistir a l\u2019enterro, la Pepa passar\u00e0 emocionants aventures amb els seus nous amics: dues nenes de l\u2019escola, un xumet esbojarrat, una barrufeta xunga, un recepcionista esvalotat i una croqueta gegant, per acabar descobrint&#8230; que potser no era tan dolent, trobar a faltar.<br \/>\nEl dol per una \u00e0via, el dol per una ciutat, el dol pel gust d\u2019una croqueta, el dol per un record, el dol per un objecte perdut, el dol de fer-se gran. El dol per tot all\u00f2 que estimem. \u00c9s bo, sentir-lo? O hi hem de passar de puntetes? Les croquetes oblidades parla de la possibilitat de viure totes les parts de la vida, tamb\u00e9 les que a vegades ens poden fer mal. Perqu\u00e8 si no travessem aquests paratges, petits i grans podem trobar a faltar algunes de les coses que hi haur\u00edem apr\u00e8s.<\/p>\n<\/div>\n<\/div>\n<p><iframe loading=\"lazy\" src=\"\/\/www.youtube.com\/embed\/2EBQfP2yOho\" width=\"560\" height=\"314\" allowfullscreen=\"allowfullscreen\"><\/iframe><\/p>\n<div class=\"entry-content\">\n<p>Us podeu descarregar el dossier pedag\u00f2gic <a href=\"https:\/\/drive.google.com\/file\/d\/1qcnQtutAKYXJfUZDrrzMoYZcHUG-yc9j\/view?usp=sharing\">aqu\u00ed<\/a><\/p>\n<\/div>\n","protected":false},"excerpt":{"rendered":"<p>El proper divendres 28 de gener de 2022 els nens i nenes de 3r i 4t van a veure l\u2019espectacle Les croquetes oblidades de <a href=\"https:\/\/www.facebook.com\/Les-Bianchis-122916194529226\/\">Cia. Les Bianchis<\/a> a La Gorga. 10 h del mat\u00ed.<br \/>\nLa Pepa \u00e9s una nena vital i amb una gran imaginaci\u00f3&hellip;  <a href=\"https:\/\/agora.xtec.cat\/escolalavilapalamos\/general\/3r-i-4t-van-a-teatre-2\/\" title=\"Read 3r i 4t van a teatre\">Llegeix m\u00e9s\u00bb<\/a><\/p>\n","protected":false},"author":1,"featured_media":10909,"comment_status":"open","ping_status":"closed","sticky":false,"template":"","format":"standard","meta":{"_bbp_topic_count":0,"_bbp_reply_count":0,"_bbp_total_topic_count":0,"_bbp_total_reply_count":0,"_bbp_voice_count":0,"_bbp_anonymous_reply_count":0,"_bbp_topic_count_hidden":0,"_bbp_reply_count_hidden":0,"_bbp_forum_subforum_count":0,"footnotes":""},"categories":[127,1,4],"tags":[],"class_list":["post-10908","post","type-post","status-publish","format-standard","has-post-thumbnail","hentry","category-comunitat-de-mitjans","category-general","category-portada"],"post_mailing_queue_ids":[],"_links":{"self":[{"href":"https:\/\/agora.xtec.cat\/escolalavilapalamos\/wp-json\/wp\/v2\/posts\/10908","targetHints":{"allow":["GET"]}}],"collection":[{"href":"https:\/\/agora.xtec.cat\/escolalavilapalamos\/wp-json\/wp\/v2\/posts"}],"about":[{"href":"https:\/\/agora.xtec.cat\/escolalavilapalamos\/wp-json\/wp\/v2\/types\/post"}],"author":[{"embeddable":true,"href":"https:\/\/agora.xtec.cat\/escolalavilapalamos\/wp-json\/wp\/v2\/users\/1"}],"replies":[{"embeddable":true,"href":"https:\/\/agora.xtec.cat\/escolalavilapalamos\/wp-json\/wp\/v2\/comments?post=10908"}],"version-history":[{"count":2,"href":"https:\/\/agora.xtec.cat\/escolalavilapalamos\/wp-json\/wp\/v2\/posts\/10908\/revisions"}],"predecessor-version":[{"id":10911,"href":"https:\/\/agora.xtec.cat\/escolalavilapalamos\/wp-json\/wp\/v2\/posts\/10908\/revisions\/10911"}],"wp:featuredmedia":[{"embeddable":true,"href":"https:\/\/agora.xtec.cat\/escolalavilapalamos\/wp-json\/wp\/v2\/media\/10909"}],"wp:attachment":[{"href":"https:\/\/agora.xtec.cat\/escolalavilapalamos\/wp-json\/wp\/v2\/media?parent=10908"}],"wp:term":[{"taxonomy":"category","embeddable":true,"href":"https:\/\/agora.xtec.cat\/escolalavilapalamos\/wp-json\/wp\/v2\/categories?post=10908"},{"taxonomy":"post_tag","embeddable":true,"href":"https:\/\/agora.xtec.cat\/escolalavilapalamos\/wp-json\/wp\/v2\/tags?post=10908"}],"curies":[{"name":"wp","href":"https:\/\/api.w.org\/{rel}","templated":true}]}}