{"id":10905,"date":"2022-01-24T20:42:56","date_gmt":"2022-01-24T19:42:56","guid":{"rendered":"https:\/\/agora.xtec.cat\/escolalavilapalamos\/?p=10905"},"modified":"2022-01-30T20:54:36","modified_gmt":"2022-01-30T19:54:36","slug":"1r-i-2n-van-a-teatre","status":"publish","type":"post","link":"https:\/\/agora.xtec.cat\/escolalavilapalamos\/general\/1r-i-2n-van-a-teatre\/","title":{"rendered":"1r i 2n van a teatre"},"content":{"rendered":"<header class=\"entry-header\"><\/header>\n<div class=\"entry-content\">\n<p>El proper <strong>dimecres 26 de gener de 2022<\/strong> els nens i nenes de 1r i 2n van a veure l\u2019espectacle <i>Mare Terra<\/i>\u00a0<a href=\"https:\/\/princeptotilau.cat\/\"><em>Cia. Pr\u00edncep Totilau<\/em><\/a> a La Gorga. 10 h del mat\u00ed.<img loading=\"lazy\" decoding=\"async\" class=\" wp-image-10906 alignright\" src=\"https:\/\/agora.xtec.cat\/escolalavilapalamos\/wp-content\/uploads\/usu897\/2022\/01\/maxresdefault-300x169.jpg\" alt=\"\" width=\"369\" height=\"208\" srcset=\"https:\/\/agora.xtec.cat\/escolalavilapalamos\/wp-content\/uploads\/usu897\/2022\/01\/maxresdefault-300x169.jpg 300w, https:\/\/agora.xtec.cat\/escolalavilapalamos\/wp-content\/uploads\/usu897\/2022\/01\/maxresdefault-1024x576.jpg 1024w, https:\/\/agora.xtec.cat\/escolalavilapalamos\/wp-content\/uploads\/usu897\/2022\/01\/maxresdefault-768x432.jpg 768w, https:\/\/agora.xtec.cat\/escolalavilapalamos\/wp-content\/uploads\/usu897\/2022\/01\/maxresdefault.jpg 1280w\" sizes=\"auto, (max-width: 369px) 100vw, 369px\" \/><\/p>\n<p>\u201cMare Terra\u201d \u00e9s un espectacle d\u2019actors i titelles per a infants sobre l\u2019aparici\u00f3 de la vida a la Terra. Ens explica, a trav\u00e9s del llenguatge dels objectes i els titelles, l\u2019origen de la vida i l\u2019evoluci\u00f3 del nostre planeta, de les plantes i animals que hi viuen, i de la nostra esp\u00e8cie.<br \/>\nPrenent com a punt de partida l\u2019explosi\u00f3 del Big bang, passant per l\u2019extinci\u00f3 dels dinosaures, i acabant amb l\u2019embar\u00e0s d\u2019una homo s\u00e0piens dels nostres dies, \u201cMare Terra\u201d fa un rep\u00e0s cronol\u00f2gic per la fascinant hist\u00f2ria del planeta Terra.<\/p>\n<\/div>\n<div>\n<p>El Bernat t\u00e9 cinc anys i una pila de preguntes sense resposta: \u201cD\u2019on van sortir la lluna, el sol, les estrelles i el planeta Terra?\u201d; \u201cCom \u00e9s que tots els dinosaures es van morir?\u201d, \u201cAbans de ser a la panxa de la mare, on era jo?\u201d. Una nit, quan s\u2019acaba d\u2019adormir, uns personatges molt estranys entren a la seva habitaci\u00f3, hi construeixen una carpa de circ i es preparen per explicar-li, a trav\u00e9s de diferents n\u00fameros, l\u2019origen de la vida al planeta Terra, des de la gran explosi\u00f3 del Big Bang fins a l\u2019aparici\u00f3 de l\u2019\u00e9sser hum\u00e0.<\/p>\n<p><iframe loading=\"lazy\" src=\"\/\/www.youtube.com\/embed\/JrHsrmRJeCs\" width=\"560\" height=\"314\" allowfullscreen=\"allowfullscreen\"><\/iframe><\/p>\n<p>Us podeu descarregar el dossier pedag\u00f2gic <a href=\"https:\/\/drive.google.com\/file\/d\/1bUIDlXJVYtagaHT0fWS15I8OJ8YY1qLn\/view?usp=sharing\">aqu\u00ed<\/a><\/p>\n<\/div>\n","protected":false},"excerpt":{"rendered":"<p>El proper dimecres 26 de gener de 2022 els nens i nenes de 1r i 2n van a veure l\u2019espectacle Mare Terra\u00a0<a href=\"https:\/\/princeptotilau.cat\/\">Cia. Pr\u00edncep Totilau<\/a> a La Gorga. 10 h del mat\u00ed.<br \/>\n\u201cMare Terra\u201d \u00e9s un espectacle d\u2019actors i titelles per a infants sobre l\u2019aparici\u00f3 de&hellip;  <a href=\"https:\/\/agora.xtec.cat\/escolalavilapalamos\/general\/1r-i-2n-van-a-teatre\/\" title=\"Read 1r i 2n van a teatre\">Llegeix m\u00e9s\u00bb<\/a><\/p>\n","protected":false},"author":1,"featured_media":10906,"comment_status":"open","ping_status":"closed","sticky":false,"template":"","format":"standard","meta":{"_bbp_topic_count":0,"_bbp_reply_count":0,"_bbp_total_topic_count":0,"_bbp_total_reply_count":0,"_bbp_voice_count":0,"_bbp_anonymous_reply_count":0,"_bbp_topic_count_hidden":0,"_bbp_reply_count_hidden":0,"_bbp_forum_subforum_count":0,"footnotes":""},"categories":[127,1,4],"tags":[],"class_list":["post-10905","post","type-post","status-publish","format-standard","has-post-thumbnail","hentry","category-comunitat-de-mitjans","category-general","category-portada"],"post_mailing_queue_ids":[],"_links":{"self":[{"href":"https:\/\/agora.xtec.cat\/escolalavilapalamos\/wp-json\/wp\/v2\/posts\/10905","targetHints":{"allow":["GET"]}}],"collection":[{"href":"https:\/\/agora.xtec.cat\/escolalavilapalamos\/wp-json\/wp\/v2\/posts"}],"about":[{"href":"https:\/\/agora.xtec.cat\/escolalavilapalamos\/wp-json\/wp\/v2\/types\/post"}],"author":[{"embeddable":true,"href":"https:\/\/agora.xtec.cat\/escolalavilapalamos\/wp-json\/wp\/v2\/users\/1"}],"replies":[{"embeddable":true,"href":"https:\/\/agora.xtec.cat\/escolalavilapalamos\/wp-json\/wp\/v2\/comments?post=10905"}],"version-history":[{"count":1,"href":"https:\/\/agora.xtec.cat\/escolalavilapalamos\/wp-json\/wp\/v2\/posts\/10905\/revisions"}],"predecessor-version":[{"id":10907,"href":"https:\/\/agora.xtec.cat\/escolalavilapalamos\/wp-json\/wp\/v2\/posts\/10905\/revisions\/10907"}],"wp:featuredmedia":[{"embeddable":true,"href":"https:\/\/agora.xtec.cat\/escolalavilapalamos\/wp-json\/wp\/v2\/media\/10906"}],"wp:attachment":[{"href":"https:\/\/agora.xtec.cat\/escolalavilapalamos\/wp-json\/wp\/v2\/media?parent=10905"}],"wp:term":[{"taxonomy":"category","embeddable":true,"href":"https:\/\/agora.xtec.cat\/escolalavilapalamos\/wp-json\/wp\/v2\/categories?post=10905"},{"taxonomy":"post_tag","embeddable":true,"href":"https:\/\/agora.xtec.cat\/escolalavilapalamos\/wp-json\/wp\/v2\/tags?post=10905"}],"curies":[{"name":"wp","href":"https:\/\/api.w.org\/{rel}","templated":true}]}}