{"id":10880,"date":"2022-01-29T13:41:56","date_gmt":"2022-01-29T12:41:56","guid":{"rendered":"https:\/\/agora.xtec.cat\/escolalavilapalamos\/?p=10880"},"modified":"2022-02-02T10:44:27","modified_gmt":"2022-02-02T09:44:27","slug":"visitem-lajuntament-de-palamos-2","status":"publish","type":"post","link":"https:\/\/agora.xtec.cat\/escolalavilapalamos\/general\/visitem-lajuntament-de-palamos-2\/","title":{"rendered":"Visitem l&#8217;Ajuntament de Palam\u00f3s!"},"content":{"rendered":"<p><img loading=\"lazy\" decoding=\"async\" class=\"wp-image-10896 alignright\" src=\"https:\/\/agora.xtec.cat\/escolalavilapalamos\/wp-content\/uploads\/usu897\/2022\/01\/IMG_8159-scaled-e1643454327690-179x300.jpg\" alt=\"\" width=\"187\" height=\"313\" srcset=\"https:\/\/agora.xtec.cat\/escolalavilapalamos\/wp-content\/uploads\/usu897\/2022\/01\/IMG_8159-scaled-e1643454327690-179x300.jpg 179w, https:\/\/agora.xtec.cat\/escolalavilapalamos\/wp-content\/uploads\/usu897\/2022\/01\/IMG_8159-scaled-e1643454327690-610x1024.jpg 610w, https:\/\/agora.xtec.cat\/escolalavilapalamos\/wp-content\/uploads\/usu897\/2022\/01\/IMG_8159-scaled-e1643454327690-768x1290.jpg 768w, https:\/\/agora.xtec.cat\/escolalavilapalamos\/wp-content\/uploads\/usu897\/2022\/01\/IMG_8159-scaled-e1643454327690-914x1536.jpg 914w, https:\/\/agora.xtec.cat\/escolalavilapalamos\/wp-content\/uploads\/usu897\/2022\/01\/IMG_8159-scaled-e1643454327690-1219x2048.jpg 1219w, https:\/\/agora.xtec.cat\/escolalavilapalamos\/wp-content\/uploads\/usu897\/2022\/01\/IMG_8159-scaled-e1643454327690.jpg 1478w\" sizes=\"auto, (max-width: 187px) 100vw, 187px\" \/>Dins el marc del Projecte de Palam\u00f3s que estem treballant els nens i nens de P5 durant aquest curs, aquest dijous 27 de gener hem visitat\u00a0 l&#8217;Ajuntament de Palam\u00f3s.\u00a0 Pr\u00e8viament a la sortida, a la rotllana, els infants han conversat i han preparat un munt de preguntes per realitzar-li al Sr. Alcalde.<\/p>\n<p>El mateix Sr. Alcalde ens ha rebut a la porta de l&#8217;Ajuntament i ens ha acompanyat fins la sala noble. Tots els infants, s&#8217;han assegut <span style=\"font-family: inherit; font-size: 1em;\">e<\/span><span style=\"font-family: inherit; font-size: 1em;\">n aquesta sala\u00a0 i han fet totes aquelles preguntes que portaven preparades. Han escoltat amb molta atenci\u00f3 <\/span><span style=\"font-family: inherit; font-size: 1em;\">a les respostes i explicacions del Sr. Alcalde Llu\u00eds Puig.\u00a0<\/span><\/p>\n<p>Seguidament ens ha acompanyat a veure algunes de les oficines de l&#8217;Ajuntament. Finalment a la sortida ens hem fet una fotografia i li hem agra\u00eft al Sr. Alcalde la visita que ens ha ofert.<\/p>\n<p>Aprofitant la sortida hem passat i visitat altres llocs emblem\u00e0tics de Palam\u00f3s que tamb\u00e9 estem treballant en el Projecte de Palam\u00f3s, com s\u00f3n la Pla\u00e7a Morada, les Escales del Casino, els canons al Passeig, l&#8217;escultura homenatge a la Gent del Mar i el carrer del Perill.<\/p>\n<p>Tamb\u00e9 hem tingut una estoneta de joc a la platja.<\/p>\n<p>Ens ho hem passat molt b\u00e9. Podeu veure-ho aquestes <a href=\"https:\/\/photos.app.goo.gl\/r2RDbUVqxXqDw3sx7\">fotos.<\/a><\/p>\n","protected":false},"excerpt":{"rendered":"<p>Dins el marc del Projecte de Palam\u00f3s que estem treballant els nens i nens de P5 durant aquest curs, aquest dijous 27 de gener hem visitat\u00a0 l&#8217;Ajuntament de Palam\u00f3s.\u00a0 Pr\u00e8viament a la sortida, a la rotllana, els infants han conversat i han preparat un munt&hellip;  <a href=\"https:\/\/agora.xtec.cat\/escolalavilapalamos\/general\/visitem-lajuntament-de-palamos-2\/\" title=\"Read Visitem l&#8217;Ajuntament de Palam\u00f3s!\">Llegeix m\u00e9s\u00bb<\/a><\/p>\n","protected":false},"author":128,"featured_media":10896,"comment_status":"open","ping_status":"closed","sticky":false,"template":"","format":"standard","meta":{"_bbp_topic_count":0,"_bbp_reply_count":0,"_bbp_total_topic_count":0,"_bbp_total_reply_count":0,"_bbp_voice_count":0,"_bbp_anonymous_reply_count":0,"_bbp_topic_count_hidden":0,"_bbp_reply_count_hidden":0,"_bbp_forum_subforum_count":0,"footnotes":""},"categories":[2,1,4],"tags":[],"class_list":["post-10880","post","type-post","status-publish","format-standard","has-post-thumbnail","hentry","category-infantil","category-general","category-portada"],"post_mailing_queue_ids":[],"_links":{"self":[{"href":"https:\/\/agora.xtec.cat\/escolalavilapalamos\/wp-json\/wp\/v2\/posts\/10880","targetHints":{"allow":["GET"]}}],"collection":[{"href":"https:\/\/agora.xtec.cat\/escolalavilapalamos\/wp-json\/wp\/v2\/posts"}],"about":[{"href":"https:\/\/agora.xtec.cat\/escolalavilapalamos\/wp-json\/wp\/v2\/types\/post"}],"author":[{"embeddable":true,"href":"https:\/\/agora.xtec.cat\/escolalavilapalamos\/wp-json\/wp\/v2\/users\/128"}],"replies":[{"embeddable":true,"href":"https:\/\/agora.xtec.cat\/escolalavilapalamos\/wp-json\/wp\/v2\/comments?post=10880"}],"version-history":[{"count":3,"href":"https:\/\/agora.xtec.cat\/escolalavilapalamos\/wp-json\/wp\/v2\/posts\/10880\/revisions"}],"predecessor-version":[{"id":10901,"href":"https:\/\/agora.xtec.cat\/escolalavilapalamos\/wp-json\/wp\/v2\/posts\/10880\/revisions\/10901"}],"wp:featuredmedia":[{"embeddable":true,"href":"https:\/\/agora.xtec.cat\/escolalavilapalamos\/wp-json\/wp\/v2\/media\/10896"}],"wp:attachment":[{"href":"https:\/\/agora.xtec.cat\/escolalavilapalamos\/wp-json\/wp\/v2\/media?parent=10880"}],"wp:term":[{"taxonomy":"category","embeddable":true,"href":"https:\/\/agora.xtec.cat\/escolalavilapalamos\/wp-json\/wp\/v2\/categories?post=10880"},{"taxonomy":"post_tag","embeddable":true,"href":"https:\/\/agora.xtec.cat\/escolalavilapalamos\/wp-json\/wp\/v2\/tags?post=10880"}],"curies":[{"name":"wp","href":"https:\/\/api.w.org\/{rel}","templated":true}]}}