{"id":10864,"date":"2022-01-24T09:18:11","date_gmt":"2022-01-24T08:18:11","guid":{"rendered":"https:\/\/agora.xtec.cat\/escolalavilapalamos\/?p=10864"},"modified":"2022-02-08T09:19:14","modified_gmt":"2022-02-08T08:19:14","slug":"repte-superat-lenigma-del-tren-petit-a-6e","status":"publish","type":"post","link":"https:\/\/agora.xtec.cat\/escolalavilapalamos\/general\/repte-superat-lenigma-del-tren-petit-a-6e\/","title":{"rendered":"Repte superat: l&#8217;enigma del tren petit a 6\u00e8!"},"content":{"rendered":"<p><span style=\"font-family: inherit; font-size: 1em;\">El passat dilluns \u00a017 de gener els alumnes de 6\u00e8 vam participar a l\u2019escape room l\u2019enigma del tren petit. A trav\u00e9s dels diferents reptes vam poder descobrir la hist\u00f2ria del tren i els secrets que amaga. Va ser una activitat molt interessant ja que vam poder treballar amb diverses fonts prim\u00e0ries i de tipologia diversa (textual, cartogr\u00e0fica, fotogr\u00e0fica, oral, audiovisual). El treball en petits grups va permetre que tothom pogu\u00e9s participar i tenir un paper actiu a la proposta. El fet de fer-ho en format Escape room va resultar ser molt atractiu i entretingut, aix\u00ed com amb un component l\u00fadic molt motivador.<\/span><\/p>\n<p>Moltes gr\u00e0cies per aquesta magn\u00edfica proposta impulsada pel Servei d&#8217;Arxiu Municipal de Palam\u00f3s!<\/p>\n<p>Clica la <a href=\"https:\/\/photos.app.goo.gl\/kWrvzik1AT36dQ247\">imatge<\/a> per veure el recull de fotografies!<\/p>\n<p><a href=\"https:\/\/photos.app.goo.gl\/kWrvzik1AT36dQ247\"><img loading=\"lazy\" decoding=\"async\" class=\"wp-image-10866 alignleft\" src=\"https:\/\/agora.xtec.cat\/escolalavilapalamos\/wp-content\/uploads\/usu897\/2022\/01\/IMG_0143-min-1024x768.jpg\" alt=\"\" width=\"309\" height=\"232\" srcset=\"https:\/\/agora.xtec.cat\/escolalavilapalamos\/wp-content\/uploads\/usu897\/2022\/01\/IMG_0143-min-1024x768.jpg 1024w, https:\/\/agora.xtec.cat\/escolalavilapalamos\/wp-content\/uploads\/usu897\/2022\/01\/IMG_0143-min-300x225.jpg 300w, https:\/\/agora.xtec.cat\/escolalavilapalamos\/wp-content\/uploads\/usu897\/2022\/01\/IMG_0143-min-768x576.jpg 768w, https:\/\/agora.xtec.cat\/escolalavilapalamos\/wp-content\/uploads\/usu897\/2022\/01\/IMG_0143-min-1536x1152.jpg 1536w, https:\/\/agora.xtec.cat\/escolalavilapalamos\/wp-content\/uploads\/usu897\/2022\/01\/IMG_0143-min-2048x1536.jpg 2048w, https:\/\/agora.xtec.cat\/escolalavilapalamos\/wp-content\/uploads\/usu897\/2022\/01\/IMG_0143-min-200x150.jpg 200w\" sizes=\"auto, (max-width: 309px) 100vw, 309px\" \/><\/a><\/p>\n","protected":false},"excerpt":{"rendered":"<p>El passat dilluns \u00a017 de gener els alumnes de 6\u00e8 vam participar a l\u2019escape room l\u2019enigma del tren petit. A trav\u00e9s dels diferents reptes vam poder descobrir la hist\u00f2ria del tren i els secrets que amaga. Va ser una activitat molt interessant ja que vam&hellip;  <a href=\"https:\/\/agora.xtec.cat\/escolalavilapalamos\/general\/repte-superat-lenigma-del-tren-petit-a-6e\/\" title=\"Read Repte superat: l&#8217;enigma del tren petit a 6\u00e8!\">Llegeix m\u00e9s\u00bb<\/a><\/p>\n","protected":false},"author":132,"featured_media":10866,"comment_status":"open","ping_status":"closed","sticky":false,"template":"","format":"standard","meta":{"_bbp_topic_count":0,"_bbp_reply_count":0,"_bbp_total_topic_count":0,"_bbp_total_reply_count":0,"_bbp_voice_count":0,"_bbp_anonymous_reply_count":0,"_bbp_topic_count_hidden":0,"_bbp_reply_count_hidden":0,"_bbp_forum_subforum_count":0,"footnotes":""},"categories":[15,128,1,138,4,5],"tags":[],"class_list":["post-10864","post","type-post","status-publish","format-standard","has-post-thumbnail","hentry","category-6e","category-comunitat-de-grans","category-general","category-notices-a-la-web","category-portada","category-primaria"],"post_mailing_queue_ids":[],"_links":{"self":[{"href":"https:\/\/agora.xtec.cat\/escolalavilapalamos\/wp-json\/wp\/v2\/posts\/10864","targetHints":{"allow":["GET"]}}],"collection":[{"href":"https:\/\/agora.xtec.cat\/escolalavilapalamos\/wp-json\/wp\/v2\/posts"}],"about":[{"href":"https:\/\/agora.xtec.cat\/escolalavilapalamos\/wp-json\/wp\/v2\/types\/post"}],"author":[{"embeddable":true,"href":"https:\/\/agora.xtec.cat\/escolalavilapalamos\/wp-json\/wp\/v2\/users\/132"}],"replies":[{"embeddable":true,"href":"https:\/\/agora.xtec.cat\/escolalavilapalamos\/wp-json\/wp\/v2\/comments?post=10864"}],"version-history":[{"count":3,"href":"https:\/\/agora.xtec.cat\/escolalavilapalamos\/wp-json\/wp\/v2\/posts\/10864\/revisions"}],"predecessor-version":[{"id":10947,"href":"https:\/\/agora.xtec.cat\/escolalavilapalamos\/wp-json\/wp\/v2\/posts\/10864\/revisions\/10947"}],"wp:featuredmedia":[{"embeddable":true,"href":"https:\/\/agora.xtec.cat\/escolalavilapalamos\/wp-json\/wp\/v2\/media\/10866"}],"wp:attachment":[{"href":"https:\/\/agora.xtec.cat\/escolalavilapalamos\/wp-json\/wp\/v2\/media?parent=10864"}],"wp:term":[{"taxonomy":"category","embeddable":true,"href":"https:\/\/agora.xtec.cat\/escolalavilapalamos\/wp-json\/wp\/v2\/categories?post=10864"},{"taxonomy":"post_tag","embeddable":true,"href":"https:\/\/agora.xtec.cat\/escolalavilapalamos\/wp-json\/wp\/v2\/tags?post=10864"}],"curies":[{"name":"wp","href":"https:\/\/api.w.org\/{rel}","templated":true}]}}