{"id":10848,"date":"2022-01-24T15:39:03","date_gmt":"2022-01-24T14:39:03","guid":{"rendered":"https:\/\/agora.xtec.cat\/escolalavilapalamos\/?p=10848"},"modified":"2022-01-28T10:55:20","modified_gmt":"2022-01-28T09:55:20","slug":"vacunacio-del-covid-a-lescola","status":"publish","type":"post","link":"https:\/\/agora.xtec.cat\/escolalavilapalamos\/general\/vacunacio-del-covid-a-lescola\/","title":{"rendered":"Vacunaci\u00f3 del COVID a l&#8217;escola"},"content":{"rendered":"<p><strong><img loading=\"lazy\" decoding=\"async\" class=\" wp-image-10770 alignright\" src=\"https:\/\/agora.xtec.cat\/escolalavilapalamos\/wp-content\/uploads\/usu897\/2022\/01\/vacunacio-infantil-covid19.png_191393041-300x233.png\" alt=\"\" width=\"349\" height=\"271\" srcset=\"https:\/\/agora.xtec.cat\/escolalavilapalamos\/wp-content\/uploads\/usu897\/2022\/01\/vacunacio-infantil-covid19.png_191393041-300x233.png 300w, https:\/\/agora.xtec.cat\/escolalavilapalamos\/wp-content\/uploads\/usu897\/2022\/01\/vacunacio-infantil-covid19.png_191393041.png 555w\" sizes=\"auto, (max-width: 349px) 100vw, 349px\" \/>Vacunaci\u00f3 de COVID als alumnes de 5 a 11 anys<\/strong><\/p>\n<p>el proper\u00a0dijous 27 de Gener a les 17h es posaran les vacunes al pavell\u00f3 l&#8217;Escola La Vila\u00a0als nens\/es de P5 a 6\u00e8. Els nens\/es han de venir acompanyats dels seus pares\/mares o tutors legals.<\/p>\n<p>Nom\u00e9s es posen primeres dosis. En cap cas es posaran segones dosis aquest dia. No es poden vacunar els nens\/es que han passat el COVID a menys de quatre setmanes.<\/p>\n<p>Les vacunes es posaran als nens i nenes les fam\u00edlies dels quals vau respondre afirmativament a la circular de primers de gener:\u00a0<a href=\"https:\/\/agora.xtec.cat\/escolalavilapalamos\/general\/vacunacio-covid19-als-alumnes-de-lescola-5-a-11-anys\/\">https:\/\/agora.xtec.cat\/escolalavilapalamos\/general\/vacunacio-covid19-als-alumnes-de-lescola-5-a-11-anys\/<\/a><\/p>\n<p>Documentaci\u00f3 necess\u00e0ria el dia de vacunaci\u00f3:\u00a0\u00a0\u00a0Tarja Sanitaria\u00a0 + Autoritzaci\u00f3 en cas de no venir acompanyats per pare \/mare.<\/p>\n<p>CAP de Palam\u00f3s<\/p>\n<p>Escola La Vila<\/p>\n","protected":false},"excerpt":{"rendered":"<p>Vacunaci\u00f3 de COVID als alumnes de 5 a 11 anys<br \/>\nel proper\u00a0dijous 27 de Gener a les 17h es posaran les vacunes al pavell\u00f3 l&#8217;Escola La Vila\u00a0als nens\/es de P5 a 6\u00e8. Els nens\/es han de venir acompanyats dels seus pares\/mares o tutors legals.<br \/>\nNom\u00e9s es posen&hellip;  <a href=\"https:\/\/agora.xtec.cat\/escolalavilapalamos\/general\/vacunacio-del-covid-a-lescola\/\" title=\"Read Vacunaci\u00f3 del COVID a l&#8217;escola\">Llegeix m\u00e9s\u00bb<\/a><\/p>\n","protected":false},"author":1,"featured_media":10770,"comment_status":"open","ping_status":"closed","sticky":false,"template":"","format":"standard","meta":{"_bbp_topic_count":0,"_bbp_reply_count":0,"_bbp_total_topic_count":0,"_bbp_total_reply_count":0,"_bbp_voice_count":0,"_bbp_anonymous_reply_count":0,"_bbp_topic_count_hidden":0,"_bbp_reply_count_hidden":0,"_bbp_forum_subforum_count":0,"footnotes":""},"categories":[128,127,2,1,4],"tags":[],"class_list":["post-10848","post","type-post","status-publish","format-standard","has-post-thumbnail","hentry","category-comunitat-de-grans","category-comunitat-de-mitjans","category-infantil","category-general","category-portada"],"post_mailing_queue_ids":[],"_links":{"self":[{"href":"https:\/\/agora.xtec.cat\/escolalavilapalamos\/wp-json\/wp\/v2\/posts\/10848","targetHints":{"allow":["GET"]}}],"collection":[{"href":"https:\/\/agora.xtec.cat\/escolalavilapalamos\/wp-json\/wp\/v2\/posts"}],"about":[{"href":"https:\/\/agora.xtec.cat\/escolalavilapalamos\/wp-json\/wp\/v2\/types\/post"}],"author":[{"embeddable":true,"href":"https:\/\/agora.xtec.cat\/escolalavilapalamos\/wp-json\/wp\/v2\/users\/1"}],"replies":[{"embeddable":true,"href":"https:\/\/agora.xtec.cat\/escolalavilapalamos\/wp-json\/wp\/v2\/comments?post=10848"}],"version-history":[{"count":3,"href":"https:\/\/agora.xtec.cat\/escolalavilapalamos\/wp-json\/wp\/v2\/posts\/10848\/revisions"}],"predecessor-version":[{"id":10862,"href":"https:\/\/agora.xtec.cat\/escolalavilapalamos\/wp-json\/wp\/v2\/posts\/10848\/revisions\/10862"}],"wp:featuredmedia":[{"embeddable":true,"href":"https:\/\/agora.xtec.cat\/escolalavilapalamos\/wp-json\/wp\/v2\/media\/10770"}],"wp:attachment":[{"href":"https:\/\/agora.xtec.cat\/escolalavilapalamos\/wp-json\/wp\/v2\/media?parent=10848"}],"wp:term":[{"taxonomy":"category","embeddable":true,"href":"https:\/\/agora.xtec.cat\/escolalavilapalamos\/wp-json\/wp\/v2\/categories?post=10848"},{"taxonomy":"post_tag","embeddable":true,"href":"https:\/\/agora.xtec.cat\/escolalavilapalamos\/wp-json\/wp\/v2\/tags?post=10848"}],"curies":[{"name":"wp","href":"https:\/\/api.w.org\/{rel}","templated":true}]}}