{"id":10841,"date":"2022-01-21T12:54:55","date_gmt":"2022-01-21T11:54:55","guid":{"rendered":"https:\/\/agora.xtec.cat\/escolalavilapalamos\/?p=10841"},"modified":"2022-01-24T15:40:21","modified_gmt":"2022-01-24T14:40:21","slug":"a-5e-som-pirates","status":"publish","type":"post","link":"https:\/\/agora.xtec.cat\/escolalavilapalamos\/general\/a-5e-som-pirates\/","title":{"rendered":"A 5\u00e8 som pirates!"},"content":{"rendered":"<p><img loading=\"lazy\" decoding=\"async\" class=\"wp-image-10842 alignright\" src=\"https:\/\/agora.xtec.cat\/escolalavilapalamos\/wp-content\/uploads\/usu897\/2022\/01\/depositphotos_31172739-stock-illustration-pirate-parrot.jpg\" alt=\"\" width=\"214\" height=\"271\" srcset=\"https:\/\/agora.xtec.cat\/escolalavilapalamos\/wp-content\/uploads\/usu897\/2022\/01\/depositphotos_31172739-stock-illustration-pirate-parrot.jpg 473w, https:\/\/agora.xtec.cat\/escolalavilapalamos\/wp-content\/uploads\/usu897\/2022\/01\/depositphotos_31172739-stock-illustration-pirate-parrot-237x300.jpg 237w\" sizes=\"auto, (max-width: 214px) 100vw, 214px\" \/><\/p>\n<p style=\"text-align: left;\">Durant aquest inici de trimestre l&#8217;alumnat de 5\u00e8 est\u00e0 realitzant curses d&#8217;orientaci\u00f3. La Carla, l&#8217;estudiant en pr\u00e0ctiques d&#8217;educaci\u00f3 f\u00edsica, ha preparat tot un seguit d&#8217;activitats que engresquen i gaudeixen tots plegats.<\/p>\n<p style=\"text-align: left;\">A trav\u00e9s d&#8217;un fil conductor molt motivador com s\u00f3n les hist\u00f2ries de pirates, els nens i nenes realitzen activitats que els hi permetran portar a terme una cursa d&#8217;orientaci\u00f3. Reptes cooperatius, situar-se sobre un mapa i un munt d&#8217;activitats diverses s\u00f3n les eines que ajudaran a assolir nous aprenentatges al nostra alumnat.<\/p>\n<p>Clicant sobre la fotografia en veureu un recull.<\/p>\n<p style=\"text-align: center;\"><a href=\"https:\/\/photos.app.goo.gl\/xZoMSVqbwVT2xyA26\"><img loading=\"lazy\" decoding=\"async\" class=\"alignnone wp-image-10843\" src=\"https:\/\/agora.xtec.cat\/escolalavilapalamos\/wp-content\/uploads\/usu897\/2022\/01\/IMG_20220121_111620-1024x768.jpg\" alt=\"\" width=\"399\" height=\"300\" srcset=\"https:\/\/agora.xtec.cat\/escolalavilapalamos\/wp-content\/uploads\/usu897\/2022\/01\/IMG_20220121_111620-1024x768.jpg 1024w, https:\/\/agora.xtec.cat\/escolalavilapalamos\/wp-content\/uploads\/usu897\/2022\/01\/IMG_20220121_111620-300x225.jpg 300w, https:\/\/agora.xtec.cat\/escolalavilapalamos\/wp-content\/uploads\/usu897\/2022\/01\/IMG_20220121_111620-768x576.jpg 768w, https:\/\/agora.xtec.cat\/escolalavilapalamos\/wp-content\/uploads\/usu897\/2022\/01\/IMG_20220121_111620-1536x1152.jpg 1536w, https:\/\/agora.xtec.cat\/escolalavilapalamos\/wp-content\/uploads\/usu897\/2022\/01\/IMG_20220121_111620-2048x1536.jpg 2048w, https:\/\/agora.xtec.cat\/escolalavilapalamos\/wp-content\/uploads\/usu897\/2022\/01\/IMG_20220121_111620-200x150.jpg 200w\" sizes=\"auto, (max-width: 399px) 100vw, 399px\" \/><\/a><\/p>\n<p>&nbsp;<\/p>\n<p>&nbsp;<\/p>\n","protected":false},"excerpt":{"rendered":"<p>Durant aquest inici de trimestre l&#8217;alumnat de 5\u00e8 est\u00e0 realitzant curses d&#8217;orientaci\u00f3. La Carla, l&#8217;estudiant en pr\u00e0ctiques d&#8217;educaci\u00f3 f\u00edsica, ha preparat tot un seguit d&#8217;activitats que engresquen i gaudeixen tots plegats.<br \/>\nA trav\u00e9s d&#8217;un fil conductor molt motivador com s\u00f3n les hist\u00f2ries de pirates, els nens&hellip;  <a href=\"https:\/\/agora.xtec.cat\/escolalavilapalamos\/general\/a-5e-som-pirates\/\" title=\"Read A 5\u00e8 som pirates!\">Llegeix m\u00e9s\u00bb<\/a><\/p>\n","protected":false},"author":167,"featured_media":10842,"comment_status":"open","ping_status":"closed","sticky":false,"template":"","format":"standard","meta":{"_bbp_topic_count":0,"_bbp_reply_count":0,"_bbp_total_topic_count":0,"_bbp_total_reply_count":0,"_bbp_voice_count":0,"_bbp_anonymous_reply_count":0,"_bbp_topic_count_hidden":0,"_bbp_reply_count_hidden":0,"_bbp_forum_subforum_count":0,"footnotes":""},"categories":[128,70,67,1,4,5],"tags":[],"class_list":["post-10841","post","type-post","status-publish","format-standard","has-post-thumbnail","hentry","category-comunitat-de-grans","category-efi","category-especialistes","category-general","category-portada","category-primaria"],"post_mailing_queue_ids":[],"_links":{"self":[{"href":"https:\/\/agora.xtec.cat\/escolalavilapalamos\/wp-json\/wp\/v2\/posts\/10841","targetHints":{"allow":["GET"]}}],"collection":[{"href":"https:\/\/agora.xtec.cat\/escolalavilapalamos\/wp-json\/wp\/v2\/posts"}],"about":[{"href":"https:\/\/agora.xtec.cat\/escolalavilapalamos\/wp-json\/wp\/v2\/types\/post"}],"author":[{"embeddable":true,"href":"https:\/\/agora.xtec.cat\/escolalavilapalamos\/wp-json\/wp\/v2\/users\/167"}],"replies":[{"embeddable":true,"href":"https:\/\/agora.xtec.cat\/escolalavilapalamos\/wp-json\/wp\/v2\/comments?post=10841"}],"version-history":[{"count":3,"href":"https:\/\/agora.xtec.cat\/escolalavilapalamos\/wp-json\/wp\/v2\/posts\/10841\/revisions"}],"predecessor-version":[{"id":10847,"href":"https:\/\/agora.xtec.cat\/escolalavilapalamos\/wp-json\/wp\/v2\/posts\/10841\/revisions\/10847"}],"wp:featuredmedia":[{"embeddable":true,"href":"https:\/\/agora.xtec.cat\/escolalavilapalamos\/wp-json\/wp\/v2\/media\/10842"}],"wp:attachment":[{"href":"https:\/\/agora.xtec.cat\/escolalavilapalamos\/wp-json\/wp\/v2\/media?parent=10841"}],"wp:term":[{"taxonomy":"category","embeddable":true,"href":"https:\/\/agora.xtec.cat\/escolalavilapalamos\/wp-json\/wp\/v2\/categories?post=10841"},{"taxonomy":"post_tag","embeddable":true,"href":"https:\/\/agora.xtec.cat\/escolalavilapalamos\/wp-json\/wp\/v2\/tags?post=10841"}],"curies":[{"name":"wp","href":"https:\/\/api.w.org\/{rel}","templated":true}]}}