{"id":10839,"date":"2022-01-21T11:43:19","date_gmt":"2022-01-21T10:43:19","guid":{"rendered":"https:\/\/agora.xtec.cat\/escolalavilapalamos\/?p=10839"},"modified":"2022-01-21T12:48:47","modified_gmt":"2022-01-21T11:48:47","slug":"cinc-cinema-infantil-en-catala-2","status":"publish","type":"post","link":"https:\/\/agora.xtec.cat\/escolalavilapalamos\/general\/cinc-cinema-infantil-en-catala-2\/","title":{"rendered":"CINC. Cinema infantil en Catal\u00e0"},"content":{"rendered":"<p><a href=\"https:\/\/agora.xtec.cat\/escolalavilapalamos\/wp-content\/uploads\/usu897\/2019\/02\/CINC_2019_HR.jpg\"><img loading=\"lazy\" decoding=\"async\" class=\" wp-image-4796 alignright\" src=\"https:\/\/agora.xtec.cat\/escolalavilapalamos\/wp-content\/uploads\/usu897\/2019\/02\/CINC_2019_HR.jpg\" alt=\"\" width=\"309\" height=\"427\" srcset=\"https:\/\/agora.xtec.cat\/escolalavilapalamos\/wp-content\/uploads\/usu897\/2019\/02\/CINC_2019_HR.jpg 479w, https:\/\/agora.xtec.cat\/escolalavilapalamos\/wp-content\/uploads\/usu897\/2019\/02\/CINC_2019_HR-217x300.jpg 217w\" sizes=\"auto, (max-width: 309px) 100vw, 309px\" \/><\/a>El CINC \u00e9s una iniciativa de la Direcci\u00f3 General de Pol\u00edtica Ling\u00fc\u00edstica del Departament de Cultura per fer cr\u00e9ixer l\u2019oferta i el consum de cinema infantil en catal\u00e0, amb la col\u00b7laboraci\u00f3 del Consorci per a la Normalitzaci\u00f3 Ling\u00fc\u00edstica i de diversos ajuntaments, institucions, entitats i cinemes.<\/p>\n<p>A partir del proper cap de setmana pots anar al Cinema de Platja d&#8217;Aro a veure <strong>Cinema en catal\u00e0<\/strong>.<\/p>\n<p>Dissabtes a les 16:00 h. Preu: 4,50\u20ac (petits i grans)<\/p>\n<p>Podeu veure les pel\u00b7l\u00edcules: Space Jam, Upsss! 2, El nad\u00f3 en cap, Ron dona error i canta 2<\/p>\n<p><a href=\"https:\/\/drive.google.com\/file\/d\/18O8KKmzs-5eb8RzbfgqJl8pRw6IoTD_H\/view?usp=sharing\">Tota la informaci\u00f3 de la cartellera aqu\u00ed<\/a><\/p>\n<div class=\"RY3tic\">\n<div class=\"eGiHwc\"><\/div>\n<div class=\"KYCEmd\"><\/div>\n<\/div>\n","protected":false},"excerpt":{"rendered":"<p><a href=\"https:\/\/agora.xtec.cat\/escolalavilapalamos\/wp-content\/uploads\/usu897\/2019\/02\/CINC_2019_HR.jpg\"><\/a>El CINC \u00e9s una iniciativa de la Direcci\u00f3 General de Pol\u00edtica Ling\u00fc\u00edstica del Departament de Cultura per fer cr\u00e9ixer l\u2019oferta i el consum de cinema infantil en catal\u00e0, amb la col\u00b7laboraci\u00f3 del Consorci per a la Normalitzaci\u00f3 Ling\u00fc\u00edstica i de diversos ajuntaments, institucions, entitats&hellip;  <a href=\"https:\/\/agora.xtec.cat\/escolalavilapalamos\/general\/cinc-cinema-infantil-en-catala-2\/\" title=\"Read CINC. Cinema infantil en Catal\u00e0\">Llegeix m\u00e9s\u00bb<\/a><\/p>\n","protected":false},"author":1,"featured_media":4796,"comment_status":"open","ping_status":"closed","sticky":false,"template":"","format":"standard","meta":{"_bbp_topic_count":0,"_bbp_reply_count":0,"_bbp_total_topic_count":0,"_bbp_total_reply_count":0,"_bbp_voice_count":0,"_bbp_anonymous_reply_count":0,"_bbp_topic_count_hidden":0,"_bbp_reply_count_hidden":0,"_bbp_forum_subforum_count":0,"footnotes":""},"categories":[1,4],"tags":[],"class_list":["post-10839","post","type-post","status-publish","format-standard","has-post-thumbnail","hentry","category-general","category-portada"],"post_mailing_queue_ids":[],"_links":{"self":[{"href":"https:\/\/agora.xtec.cat\/escolalavilapalamos\/wp-json\/wp\/v2\/posts\/10839","targetHints":{"allow":["GET"]}}],"collection":[{"href":"https:\/\/agora.xtec.cat\/escolalavilapalamos\/wp-json\/wp\/v2\/posts"}],"about":[{"href":"https:\/\/agora.xtec.cat\/escolalavilapalamos\/wp-json\/wp\/v2\/types\/post"}],"author":[{"embeddable":true,"href":"https:\/\/agora.xtec.cat\/escolalavilapalamos\/wp-json\/wp\/v2\/users\/1"}],"replies":[{"embeddable":true,"href":"https:\/\/agora.xtec.cat\/escolalavilapalamos\/wp-json\/wp\/v2\/comments?post=10839"}],"version-history":[{"count":1,"href":"https:\/\/agora.xtec.cat\/escolalavilapalamos\/wp-json\/wp\/v2\/posts\/10839\/revisions"}],"predecessor-version":[{"id":10840,"href":"https:\/\/agora.xtec.cat\/escolalavilapalamos\/wp-json\/wp\/v2\/posts\/10839\/revisions\/10840"}],"wp:featuredmedia":[{"embeddable":true,"href":"https:\/\/agora.xtec.cat\/escolalavilapalamos\/wp-json\/wp\/v2\/media\/4796"}],"wp:attachment":[{"href":"https:\/\/agora.xtec.cat\/escolalavilapalamos\/wp-json\/wp\/v2\/media?parent=10839"}],"wp:term":[{"taxonomy":"category","embeddable":true,"href":"https:\/\/agora.xtec.cat\/escolalavilapalamos\/wp-json\/wp\/v2\/categories?post=10839"},{"taxonomy":"post_tag","embeddable":true,"href":"https:\/\/agora.xtec.cat\/escolalavilapalamos\/wp-json\/wp\/v2\/tags?post=10839"}],"curies":[{"name":"wp","href":"https:\/\/api.w.org\/{rel}","templated":true}]}}