{"id":10836,"date":"2022-01-21T12:41:27","date_gmt":"2022-01-21T11:41:27","guid":{"rendered":"https:\/\/agora.xtec.cat\/escolalavilapalamos\/?p=10836"},"modified":"2022-01-21T12:44:40","modified_gmt":"2022-01-21T11:44:40","slug":"investiguem-sobre-en-john-williams-5e","status":"publish","type":"post","link":"https:\/\/agora.xtec.cat\/escolalavilapalamos\/general\/investiguem-sobre-en-john-williams-5e\/","title":{"rendered":"A 5\u00e8 investiguem sobre en John Williams"},"content":{"rendered":"<p>El proper mes de febrer el compositor John Williams fa 90 anys i hem volgut saber qui \u00e9s i qu\u00e8 ha fet. Hem dedicat temps a investigar sobre la seva obra musical i hem descobert que \u00e9s un compositor de B.S.O. (Banda Sonora Original) de moltes pel\u00b7l\u00edcules com &#8220;Harry Potter&#8221;, &#8220;Tibur\u00f3&#8221;, &#8220;Jurassic Parck&#8221;, &#8220;Superman&#8221; i moltes m\u00e9s.<\/p>\n<p>Des de l&#8217;\u00e0rea de m\u00fasica aquest gener hem comen\u00e7at a treballar una obra de teatre musical basada en John Williams i les seves B.S.O. que la representarem cap a final de curs. Fins aleshores treballarem des de diferents \u00e0rees l&#8217;expressi\u00f3 oral, la interpretaci\u00f3, la projecci\u00f3 de la veu, l&#8217;expressi\u00f3 corporal i la posta en escena. M\u00e9s endavant farem el cartell de la nostra obra i convidarem a les fam\u00edlies a veure-la.<\/p>\n<p><a href=\"https:\/\/agora.xtec.cat\/escolalavilapalamos\/wp-content\/uploads\/usu897\/2022\/01\/johnwilliams.jpg\"><img loading=\"lazy\" decoding=\"async\" class=\"aligncenter size-full wp-image-10837\" src=\"https:\/\/agora.xtec.cat\/escolalavilapalamos\/wp-content\/uploads\/usu897\/2022\/01\/johnwilliams.jpg\" alt=\"\" width=\"608\" height=\"265\" srcset=\"https:\/\/agora.xtec.cat\/escolalavilapalamos\/wp-content\/uploads\/usu897\/2022\/01\/johnwilliams.jpg 608w, https:\/\/agora.xtec.cat\/escolalavilapalamos\/wp-content\/uploads\/usu897\/2022\/01\/johnwilliams-300x131.jpg 300w\" sizes=\"auto, (max-width: 608px) 100vw, 608px\" \/><\/a><\/p>\n<p>&nbsp;<\/p>\n","protected":false},"excerpt":{"rendered":"<p>El proper mes de febrer el compositor John Williams fa 90 anys i hem volgut saber qui \u00e9s i qu\u00e8 ha fet. Hem dedicat temps a investigar sobre la seva obra musical i hem descobert que \u00e9s un compositor de B.S.O. (Banda Sonora Original) de&hellip;  <a href=\"https:\/\/agora.xtec.cat\/escolalavilapalamos\/general\/investiguem-sobre-en-john-williams-5e\/\" title=\"Read A 5\u00e8 investiguem sobre en John Williams\">Llegeix m\u00e9s\u00bb<\/a><\/p>\n","protected":false},"author":132,"featured_media":10837,"comment_status":"open","ping_status":"closed","sticky":false,"template":"","format":"standard","meta":{"_bbp_topic_count":0,"_bbp_reply_count":0,"_bbp_total_topic_count":0,"_bbp_total_reply_count":0,"_bbp_voice_count":0,"_bbp_anonymous_reply_count":0,"_bbp_topic_count_hidden":0,"_bbp_reply_count_hidden":0,"_bbp_forum_subforum_count":0,"footnotes":""},"categories":[1,68,4],"tags":[],"class_list":["post-10836","post","type-post","status-publish","format-standard","has-post-thumbnail","hentry","category-general","category-musica","category-portada"],"post_mailing_queue_ids":[],"_links":{"self":[{"href":"https:\/\/agora.xtec.cat\/escolalavilapalamos\/wp-json\/wp\/v2\/posts\/10836","targetHints":{"allow":["GET"]}}],"collection":[{"href":"https:\/\/agora.xtec.cat\/escolalavilapalamos\/wp-json\/wp\/v2\/posts"}],"about":[{"href":"https:\/\/agora.xtec.cat\/escolalavilapalamos\/wp-json\/wp\/v2\/types\/post"}],"author":[{"embeddable":true,"href":"https:\/\/agora.xtec.cat\/escolalavilapalamos\/wp-json\/wp\/v2\/users\/132"}],"replies":[{"embeddable":true,"href":"https:\/\/agora.xtec.cat\/escolalavilapalamos\/wp-json\/wp\/v2\/comments?post=10836"}],"version-history":[{"count":2,"href":"https:\/\/agora.xtec.cat\/escolalavilapalamos\/wp-json\/wp\/v2\/posts\/10836\/revisions"}],"predecessor-version":[{"id":10846,"href":"https:\/\/agora.xtec.cat\/escolalavilapalamos\/wp-json\/wp\/v2\/posts\/10836\/revisions\/10846"}],"wp:featuredmedia":[{"embeddable":true,"href":"https:\/\/agora.xtec.cat\/escolalavilapalamos\/wp-json\/wp\/v2\/media\/10837"}],"wp:attachment":[{"href":"https:\/\/agora.xtec.cat\/escolalavilapalamos\/wp-json\/wp\/v2\/media?parent=10836"}],"wp:term":[{"taxonomy":"category","embeddable":true,"href":"https:\/\/agora.xtec.cat\/escolalavilapalamos\/wp-json\/wp\/v2\/categories?post=10836"},{"taxonomy":"post_tag","embeddable":true,"href":"https:\/\/agora.xtec.cat\/escolalavilapalamos\/wp-json\/wp\/v2\/tags?post=10836"}],"curies":[{"name":"wp","href":"https:\/\/api.w.org\/{rel}","templated":true}]}}