{"id":10824,"date":"2022-01-20T18:27:25","date_gmt":"2022-01-20T17:27:25","guid":{"rendered":"https:\/\/agora.xtec.cat\/escolalavilapalamos\/?p=10824"},"modified":"2022-01-20T18:27:25","modified_gmt":"2022-01-20T17:27:25","slug":"motricitat-fina-a-p3","status":"publish","type":"post","link":"https:\/\/agora.xtec.cat\/escolalavilapalamos\/general\/motricitat-fina-a-p3\/","title":{"rendered":"Motricitat  fina a P3"},"content":{"rendered":"<p><span style=\"font-weight: 400;\">\u00a0L\u2019infant, a trav\u00e9s de la manipulaci\u00f3 constant de materials i objectes en contextos reals d\u2019aprenentatge, de joc i integrats en tasques amb sentit, adquireix un entrenament que afavoreix <\/span><span style=\"font-weight: 400;\">el desenvolupament de les habilitats de motricitat fina.<\/span><\/p>\n<p><span style=\"font-weight: 400;\">Accions com escriure, dibuixar, retallar \u2026 requereixen una complexitat de moviments tamb\u00e9 lligats a la coordinaci\u00f3 oculomanual, to muscular, la prensi\u00f3\u2026<\/span><\/p>\n<p><a href=\"https:\/\/photos.google.com\/u\/1\/share\/AF1QipNnBtS4Fin9eNRzRBFbq-fpaT832lNED9A6ZEXLGwK_FkqeZQS488G4DNO73zaBjg?key=Uk5JWWYtczI1a0dkdU9hQ3ZVUnl6cHNJM0llNmJn\"><img loading=\"lazy\" decoding=\"async\" class=\"aligncenter wp-image-10826\" src=\"https:\/\/agora.xtec.cat\/escolalavilapalamos\/wp-content\/uploads\/usu897\/2022\/01\/pinca.jpg\" alt=\"\" width=\"207\" height=\"155\" srcset=\"https:\/\/agora.xtec.cat\/escolalavilapalamos\/wp-content\/uploads\/usu897\/2022\/01\/pinca.jpg 591w, https:\/\/agora.xtec.cat\/escolalavilapalamos\/wp-content\/uploads\/usu897\/2022\/01\/pinca-300x225.jpg 300w, https:\/\/agora.xtec.cat\/escolalavilapalamos\/wp-content\/uploads\/usu897\/2022\/01\/pinca-200x150.jpg 200w\" sizes=\"auto, (max-width: 207px) 100vw, 207px\" \/><\/a><\/p>\n<p style=\"text-align: center;\"><sub>clica per veure les fotografies<\/sub><\/p>\n<p>&nbsp;<\/p>\n<p>&nbsp;<\/p>\n","protected":false},"excerpt":{"rendered":"<p>\u00a0L\u2019infant, a trav\u00e9s de la manipulaci\u00f3 constant de materials i objectes en contextos reals d\u2019aprenentatge, de joc i integrats en tasques amb sentit, adquireix un entrenament que afavoreix el desenvolupament de les habilitats de motricitat fina.<br \/>\nAccions com escriure, dibuixar, retallar \u2026 requereixen una complexitat de&hellip;  <a href=\"https:\/\/agora.xtec.cat\/escolalavilapalamos\/general\/motricitat-fina-a-p3\/\" title=\"Read Motricitat  fina a P3\">Llegeix m\u00e9s\u00bb<\/a><\/p>\n","protected":false},"author":128,"featured_media":10826,"comment_status":"open","ping_status":"closed","sticky":false,"template":"","format":"standard","meta":{"_bbp_topic_count":0,"_bbp_reply_count":0,"_bbp_total_topic_count":0,"_bbp_total_reply_count":0,"_bbp_voice_count":0,"_bbp_anonymous_reply_count":0,"_bbp_topic_count_hidden":0,"_bbp_reply_count_hidden":0,"_bbp_forum_subforum_count":0,"footnotes":""},"categories":[2,1,4],"tags":[],"class_list":["post-10824","post","type-post","status-publish","format-standard","has-post-thumbnail","hentry","category-infantil","category-general","category-portada"],"post_mailing_queue_ids":[],"_links":{"self":[{"href":"https:\/\/agora.xtec.cat\/escolalavilapalamos\/wp-json\/wp\/v2\/posts\/10824","targetHints":{"allow":["GET"]}}],"collection":[{"href":"https:\/\/agora.xtec.cat\/escolalavilapalamos\/wp-json\/wp\/v2\/posts"}],"about":[{"href":"https:\/\/agora.xtec.cat\/escolalavilapalamos\/wp-json\/wp\/v2\/types\/post"}],"author":[{"embeddable":true,"href":"https:\/\/agora.xtec.cat\/escolalavilapalamos\/wp-json\/wp\/v2\/users\/128"}],"replies":[{"embeddable":true,"href":"https:\/\/agora.xtec.cat\/escolalavilapalamos\/wp-json\/wp\/v2\/comments?post=10824"}],"version-history":[{"count":3,"href":"https:\/\/agora.xtec.cat\/escolalavilapalamos\/wp-json\/wp\/v2\/posts\/10824\/revisions"}],"predecessor-version":[{"id":10832,"href":"https:\/\/agora.xtec.cat\/escolalavilapalamos\/wp-json\/wp\/v2\/posts\/10824\/revisions\/10832"}],"wp:featuredmedia":[{"embeddable":true,"href":"https:\/\/agora.xtec.cat\/escolalavilapalamos\/wp-json\/wp\/v2\/media\/10826"}],"wp:attachment":[{"href":"https:\/\/agora.xtec.cat\/escolalavilapalamos\/wp-json\/wp\/v2\/media?parent=10824"}],"wp:term":[{"taxonomy":"category","embeddable":true,"href":"https:\/\/agora.xtec.cat\/escolalavilapalamos\/wp-json\/wp\/v2\/categories?post=10824"},{"taxonomy":"post_tag","embeddable":true,"href":"https:\/\/agora.xtec.cat\/escolalavilapalamos\/wp-json\/wp\/v2\/tags?post=10824"}],"curies":[{"name":"wp","href":"https:\/\/api.w.org\/{rel}","templated":true}]}}