{"id":10779,"date":"2022-01-13T11:48:18","date_gmt":"2022-01-13T10:48:18","guid":{"rendered":"https:\/\/agora.xtec.cat\/escolalavilapalamos\/?p=10779"},"modified":"2022-01-14T09:28:06","modified_gmt":"2022-01-14T08:28:06","slug":"sigues-tu-en-familia","status":"publish","type":"post","link":"https:\/\/agora.xtec.cat\/escolalavilapalamos\/general\/sigues-tu-en-familia\/","title":{"rendered":"Sigues Tu en fam\u00edlia"},"content":{"rendered":"<p><strong>Com parlar als infants perqu\u00e8 escoltin i com escoltar-los perqu\u00e8 parlin?<img loading=\"lazy\" decoding=\"async\" class=\"wp-image-10780 alignright\" src=\"https:\/\/agora.xtec.cat\/escolalavilapalamos\/wp-content\/uploads\/usu897\/2022\/01\/Sense-titol-300x165.jpg\" alt=\"\" width=\"417\" height=\"229\" srcset=\"https:\/\/agora.xtec.cat\/escolalavilapalamos\/wp-content\/uploads\/usu897\/2022\/01\/Sense-titol-300x165.jpg 300w, https:\/\/agora.xtec.cat\/escolalavilapalamos\/wp-content\/uploads\/usu897\/2022\/01\/Sense-titol.jpg 618w\" sizes=\"auto, (max-width: 417px) 100vw, 417px\" \/><\/strong><\/p>\n<p>En aquestes sessions us oferim eines per millorar la relaci\u00f3 amb els fills i filles i amb nosaltres mateixos\/es, aprendre a posar l\u00edmits, estimular la seva autonomia i acompanyar-los en els sentiments.<\/p>\n<p>Pots venir amb els teus fills si tenen entre 3 i 11 anys. Faran una activitat l\u00fadica del \u00abSigues tu\u00bb, paral\u00b7lela a les vostres sessions, que podreu compartir en fam\u00edlia.<\/p>\n<p><strong>Divendres 4,11 i 18 de febrer i 4,11 i 18 de mar\u00e7<\/strong><\/p>\n<p>Horari: de 17 a 19h<\/p>\n<p>Inscripci\u00f3: <a href=\"https:\/\/www.siguestu.cat\/ca\/inscripcions-families.html\">https:\/\/www.siguestu.cat\/ca\/inscripcions-families.html<\/a> (fins el 20\/01\/22)<\/p>\n","protected":false},"excerpt":{"rendered":"<p>Com parlar als infants perqu\u00e8 escoltin i com escoltar-los perqu\u00e8 parlin?<br \/>\nEn aquestes sessions us oferim eines per millorar la relaci\u00f3 amb els fills i filles i amb nosaltres mateixos\/es, aprendre a posar l\u00edmits, estimular la seva autonomia i acompanyar-los en els sentiments.<br \/>\nPots venir amb els&hellip;  <a href=\"https:\/\/agora.xtec.cat\/escolalavilapalamos\/general\/sigues-tu-en-familia\/\" title=\"Read Sigues Tu en fam\u00edlia\">Llegeix m\u00e9s\u00bb<\/a><\/p>\n","protected":false},"author":1,"featured_media":10780,"comment_status":"open","ping_status":"closed","sticky":false,"template":"","format":"standard","meta":{"_bbp_topic_count":0,"_bbp_reply_count":0,"_bbp_total_topic_count":0,"_bbp_total_reply_count":0,"_bbp_voice_count":0,"_bbp_anonymous_reply_count":0,"_bbp_topic_count_hidden":0,"_bbp_reply_count_hidden":0,"_bbp_forum_subforum_count":0,"footnotes":""},"categories":[7,1,4],"tags":[],"class_list":["post-10779","post","type-post","status-publish","format-standard","has-post-thumbnail","hentry","category-ampa","category-general","category-portada"],"post_mailing_queue_ids":[],"_links":{"self":[{"href":"https:\/\/agora.xtec.cat\/escolalavilapalamos\/wp-json\/wp\/v2\/posts\/10779","targetHints":{"allow":["GET"]}}],"collection":[{"href":"https:\/\/agora.xtec.cat\/escolalavilapalamos\/wp-json\/wp\/v2\/posts"}],"about":[{"href":"https:\/\/agora.xtec.cat\/escolalavilapalamos\/wp-json\/wp\/v2\/types\/post"}],"author":[{"embeddable":true,"href":"https:\/\/agora.xtec.cat\/escolalavilapalamos\/wp-json\/wp\/v2\/users\/1"}],"replies":[{"embeddable":true,"href":"https:\/\/agora.xtec.cat\/escolalavilapalamos\/wp-json\/wp\/v2\/comments?post=10779"}],"version-history":[{"count":2,"href":"https:\/\/agora.xtec.cat\/escolalavilapalamos\/wp-json\/wp\/v2\/posts\/10779\/revisions"}],"predecessor-version":[{"id":10782,"href":"https:\/\/agora.xtec.cat\/escolalavilapalamos\/wp-json\/wp\/v2\/posts\/10779\/revisions\/10782"}],"wp:featuredmedia":[{"embeddable":true,"href":"https:\/\/agora.xtec.cat\/escolalavilapalamos\/wp-json\/wp\/v2\/media\/10780"}],"wp:attachment":[{"href":"https:\/\/agora.xtec.cat\/escolalavilapalamos\/wp-json\/wp\/v2\/media?parent=10779"}],"wp:term":[{"taxonomy":"category","embeddable":true,"href":"https:\/\/agora.xtec.cat\/escolalavilapalamos\/wp-json\/wp\/v2\/categories?post=10779"},{"taxonomy":"post_tag","embeddable":true,"href":"https:\/\/agora.xtec.cat\/escolalavilapalamos\/wp-json\/wp\/v2\/tags?post=10779"}],"curies":[{"name":"wp","href":"https:\/\/api.w.org\/{rel}","templated":true}]}}