{"id":10776,"date":"2022-01-12T13:16:27","date_gmt":"2022-01-12T12:16:27","guid":{"rendered":"https:\/\/agora.xtec.cat\/escolalavilapalamos\/?p=10776"},"modified":"2022-01-26T09:19:55","modified_gmt":"2022-01-26T08:19:55","slug":"protocol-de-gestio-de-casos-covid-als-centres-actualitzat-amb-les-noves-mesures","status":"publish","type":"post","link":"https:\/\/agora.xtec.cat\/escolalavilapalamos\/general\/protocol-de-gestio-de-casos-covid-als-centres-actualitzat-amb-les-noves-mesures\/","title":{"rendered":"Protocol de gesti\u00f3 de casos COVID als centres actualitzat amb les noves mesures"},"content":{"rendered":"<p><img loading=\"lazy\" decoding=\"async\" class=\"alignleft wp-image-10777\" src=\"https:\/\/agora.xtec.cat\/escolalavilapalamos\/wp-content\/uploads\/usu897\/2022\/01\/image_large-300x134.png\" alt=\"\" width=\"468\" height=\"209\" srcset=\"https:\/\/agora.xtec.cat\/escolalavilapalamos\/wp-content\/uploads\/usu897\/2022\/01\/image_large-300x134.png 300w, https:\/\/agora.xtec.cat\/escolalavilapalamos\/wp-content\/uploads\/usu897\/2022\/01\/image_large.png 720w\" sizes=\"auto, (max-width: 468px) 100vw, 468px\" \/>\u200b\u200b\u200b\u200b\u200b\u200bEl protocol de\u00a0<a title=\"Descarregeu el document\" href=\"https:\/\/educacio.gencat.cat\/web\/shared\/continguts_per_compartir\/ENS\/salut-escola\/documentacio\/escoles\/gestio-casos-centres-educatius.pdf\" target=\"_blank\" rel=\"noopener\"><strong>Gesti\u00f3 de casos de covid-19 als centres educatius<\/strong><\/a>, s&#8217;ha publicat aquest dilluns 10 de gener amb la introducci\u00f3 de dues novetats:<\/p>\n<ul>\n<li><strong>L&#8217;alumnat i professorat\u00a0de tots els ensenyaments\u00a0<\/strong><strong>que hagin estat positius per covid-19 en els darrers tres mesos (independentment del seu estat vacunal) no s\u2019hauran de fer TAR quan hi hagi un cas positiu al grup de conviv\u00e8ncia\u00a0i podran continuar anant a l\u2019escola amb normalitat.<\/strong><\/li>\n<li><strong>L&#8217;alumnat i professorat\u00a0que presentin\u200b\u00a0simptomatologia\u00a0compatible amb la\u00a0covid-19, cal que es facin\u00a0una prova diagn\u00f2stica<\/strong>. Aquestes persones no podran assistir\u00a0al centre fins que no tinguin el resultat: si s\u00f3n positives s&#8217;hauran\u00a0d&#8217;a\u00efllar\u00a0i si s\u00f3n negatives podran\u00a0tornar al centre un cop hagin millorat els s\u00edmptomes (en qu\u00e8\u00a0cal haver\u00a0estat 24 hores sense tenir febre)\u200b.\u200b\u200b<\/li>\n<\/ul>\n<p>D&#8217;altra banda, continuen vigents les novetats que es\u00a0van introduir en el protocol publicat el 9 de gener, i que\u00a0s\u00f3n les\u00a0seg\u00fcents:<\/p>\n<ul>\n<li>\u200bAmb\u00a0relaci\u00f3 a la gesti\u00f3 dels contactes estrets, es<strong> consideren \u201cimmunitzades\u201d<\/strong> les\u00a0persones que han rebut la pauta de vacunaci\u00f3 completa (14 dies despr\u00e9s d\u2019haver rebut la darrera dosi) i\/o les\u00a0que han passat la malaltia (amb prova diagn\u00f2stica que ho confirmi) en els darrers 90 dies (3 mesos).<\/li>\n<li>Les <strong>persones immunitzades que s\u00f3n contacte estret,\u00a0queden\u00a0exemptes de\u00a0fer\u00a0quarantena<\/strong>, si b\u00e9 han de reduir\u00a0la seva interacci\u00f3 social i estar\u00a0amatents a l\u2019aparici\u00f3 de qualsevol dels s\u00edmptomes esmentats en el protocol. Si n\u2019apareix algun, cal\u00a0que es quedin a casa i que\u00a0contactin per tel\u00e8fon,\u00a0o a trav\u00e9s de La meva salut, amb el seu centre d\u2019atenci\u00f3 prim\u00e0ria.<\/li>\n<li>Se <strong>suprimeix la indicaci\u00f3 de quarantena\u00a0per als alumnes\u00a0d\u2019educaci\u00f3 infantil i d\u2019educaci\u00f3 prim\u00e0ria immunitzats i no immunitzats quan hi hagi casos positius espor\u00e0dics en el grup de conviv\u00e8ncia estable\u00a0(4 o menys).<\/strong> Quan hi hagi 5 casos positius o m\u00e9s (o el 20\u00a0% o m\u00e9s de positius) al grup de conviv\u00e8ncia estable\u00a0(GCE)\u00a0en un per\u00edode de 7 dies, s&#8217;ha d&#8217;indicar\u00a0als infants no immunitzats del GCE que facin quarantena.<\/li>\n<li><strong>Els alumnes d\u2019educaci\u00f3 prim\u00e0ria (immunitzats i no immunitzats) que no hagin passat la covid-19 en els darrers tres\u200b mesos, s\u2019han d&#8217;incorporar al circuit B (TAR, test d&#8217;ant\u00edgens r\u00e0pid a la farm\u00e0cia)<\/strong> quan hi hagi un cas positiu al GCE. Cal\u00a0que es faci el TAR entre els dies 0 i 1, un cop notificat\u00a0el cas positiu.<\/li>\n<li>El <strong>per\u00edode de quarantena<\/strong> (per contacte estret) i el per\u00edode d\u2019a\u00efllament (per positivitat) en persones asimptom\u00e0tiques o amb s\u00edmptomes lleus<strong> passen de 10 a 7 dies<\/strong>.\u00a0\u200b<\/li>\n<\/ul>\n<div>M\u00e9s informaci\u00f3 a <a href=\"https:\/\/canalsalut.gencat.cat\/ca\/salut-a-z\/c\/coronavirus-2019-ncov\/ciutadania\/salut-escola\/\">la web del Departament de Salut\/Informaci\u00f3 per la ciutadania\/salut i escola<\/a><\/div>\n","protected":false},"excerpt":{"rendered":"<p>\u200b\u200b\u200b\u200b\u200b\u200bEl protocol de\u00a0<a title=\"Descarregeu el document\" href=\"https:\/\/educacio.gencat.cat\/web\/shared\/continguts_per_compartir\/ENS\/salut-escola\/documentacio\/escoles\/gestio-casos-centres-educatius.pdf\" target=\"_blank\" rel=\"noopener\">Gesti\u00f3 de casos de covid-19 als centres educatius<\/a>, s&#8217;ha publicat aquest dilluns 10 de gener amb la introducci\u00f3 de dues novetats:<\/p>\n<ul>\n<li>L&#8217;alumnat i professorat\u00a0de tots els ensenyaments\u00a0que hagin estat positius per covid-19 en els darrers tres mesos (independentment&hellip;  <a href=\"https:\/\/agora.xtec.cat\/escolalavilapalamos\/general\/protocol-de-gestio-de-casos-covid-als-centres-actualitzat-amb-les-noves-mesures\/\" title=\"Read Protocol de gesti\u00f3 de casos COVID als centres actualitzat amb les noves mesures\">Llegeix m\u00e9s\u00bb<\/a><br \/>\n","protected":false},"author":1,"featured_media":10777,"comment_status":"open","ping_status":"closed","sticky":false,"template":"","format":"standard","meta":{"_bbp_topic_count":0,"_bbp_reply_count":0,"_bbp_total_topic_count":0,"_bbp_total_reply_count":0,"_bbp_voice_count":0,"_bbp_anonymous_reply_count":0,"_bbp_topic_count_hidden":0,"_bbp_reply_count_hidden":0,"_bbp_forum_subforum_count":0,"footnotes":""},"categories":[1,4],"tags":[],"class_list":["post-10776","post","type-post","status-publish","format-standard","has-post-thumbnail","hentry","category-general","category-portada"],"post_mailing_queue_ids":[],"_links":{"self":[{"href":"https:\/\/agora.xtec.cat\/escolalavilapalamos\/wp-json\/wp\/v2\/posts\/10776","targetHints":{"allow":["GET"]}}],"collection":[{"href":"https:\/\/agora.xtec.cat\/escolalavilapalamos\/wp-json\/wp\/v2\/posts"}],"about":[{"href":"https:\/\/agora.xtec.cat\/escolalavilapalamos\/wp-json\/wp\/v2\/types\/post"}],"author":[{"embeddable":true,"href":"https:\/\/agora.xtec.cat\/escolalavilapalamos\/wp-json\/wp\/v2\/users\/1"}],"replies":[{"embeddable":true,"href":"https:\/\/agora.xtec.cat\/escolalavilapalamos\/wp-json\/wp\/v2\/comments?post=10776"}],"version-history":[{"count":1,"href":"https:\/\/agora.xtec.cat\/escolalavilapalamos\/wp-json\/wp\/v2\/posts\/10776\/revisions"}],"predecessor-version":[{"id":10778,"href":"https:\/\/agora.xtec.cat\/escolalavilapalamos\/wp-json\/wp\/v2\/posts\/10776\/revisions\/10778"}],"wp:featuredmedia":[{"embeddable":true,"href":"https:\/\/agora.xtec.cat\/escolalavilapalamos\/wp-json\/wp\/v2\/media\/10777"}],"wp:attachment":[{"href":"https:\/\/agora.xtec.cat\/escolalavilapalamos\/wp-json\/wp\/v2\/media?parent=10776"}],"wp:term":[{"taxonomy":"category","embeddable":true,"href":"https:\/\/agora.xtec.cat\/escolalavilapalamos\/wp-json\/wp\/v2\/categories?post=10776"},{"taxonomy":"post_tag","embeddable":true,"href":"https:\/\/agora.xtec.cat\/escolalavilapalamos\/wp-json\/wp\/v2\/tags?post=10776"}],"curies":[{"name":"wp","href":"https:\/\/api.w.org\/{rel}","templated":true}]}}