{"id":10688,"date":"2021-12-03T09:45:33","date_gmt":"2021-12-03T08:45:33","guid":{"rendered":"https:\/\/agora.xtec.cat\/escolalavilapalamos\/?p=10688"},"modified":"2021-12-09T10:06:45","modified_gmt":"2021-12-09T09:06:45","slug":"les-escoles-lliures-de-violencies","status":"publish","type":"post","link":"https:\/\/agora.xtec.cat\/escolalavilapalamos\/general\/les-escoles-lliures-de-violencies\/","title":{"rendered":"Les escoles lliures de viol\u00e8ncies"},"content":{"rendered":"<p><img loading=\"lazy\" decoding=\"async\" class=\" wp-image-10689 alignright\" src=\"https:\/\/agora.xtec.cat\/escolalavilapalamos\/wp-content\/uploads\/usu897\/2021\/12\/escoles-lliures-violencies.png_471283447-214x300.png\" alt=\"\" width=\"267\" height=\"374\" srcset=\"https:\/\/agora.xtec.cat\/escolalavilapalamos\/wp-content\/uploads\/usu897\/2021\/12\/escoles-lliures-violencies.png_471283447-214x300.png 214w, https:\/\/agora.xtec.cat\/escolalavilapalamos\/wp-content\/uploads\/usu897\/2021\/12\/escoles-lliures-violencies.png_471283447.png 269w\" sizes=\"auto, (max-width: 267px) 100vw, 267px\" \/><strong>El Pla les escoles lliures de viol\u00e8ncies<\/strong> pret\u00e9n visibilitzar les viol\u00e8ncies ocultes als centres educatius, identificar-les i actuar-hi per protegir infants i adolescents.<\/p>\n<p>Es parteix d\u2019un canvi de paradigma en el sistema educatiu. Entenem que el conflicte \u00e9s inherent a la humanitat i, per tant, a la conviv\u00e8ncia, i que pot haver-hi una situaci\u00f3 violenta sense alterar la conviv\u00e8ncia, arran de la naturalitzaci\u00f3 de les viol\u00e8ncies masclistes. Per aix\u00f2, proposem abordar les viol\u00e8ncies de forma diferenciada i espec\u00edfica.<\/p>\n<p><strong>Quines viol\u00e8ncies hi ha als centres educatius?<\/strong> Viol\u00e8ncia masclista a noies, LGBTIf\u00f2bia, viol\u00e8ncia en fills i filles que viuen o han viscut situacions de viol\u00e8ncia masclista en la fam\u00edlia, viol\u00e8ncia sexual a menors, maltractament en l\u2019\u00e0mbit familiar, matrimoni for\u00e7at, mutilaci\u00f3 genital femenina, viol\u00e8ncia masclista en l\u2019\u00e0mbit digital, assetjament entre iguals, viol\u00e8ncia per conductes d\u2019odi o discriminaci\u00f3.<\/p>\n<p>Entre qui es pot produir viol\u00e8ncia? Entre adult i menor, entre menors, entre adults, de menor a adult.<\/p>\n<p>L\u2019objectiu de Les escoles lliures de viol\u00e8ncies \u00e9s la prevenci\u00f3 (sensibilitzaci\u00f3, formaci\u00f3, detecci\u00f3), actuaci\u00f3 (notificaci\u00f3, derivaci\u00f3, coordinaci\u00f3) i acompanyament (seguiment i coordinaci\u00f3) de les situacions de viol\u00e8ncia que afecten l\u2019alumnat dins i fora del sistema educatiu.\u00a0Presentaci\u00f3\u00a0<a href=\"https:\/\/www.youtube.com\/watch?v=ScinKwzCBBc\" target=\"_blank\" rel=\"noopener\">Jornades de les escoles lliures de viol\u00e8ncia<\/a>.<\/p>\n<p>Els principis del bon tracte, la rapidesa en l\u2019actuaci\u00f3, el suport jur\u00eddic i institucional, les normes clares d\u2019actuaci\u00f3 per a tots i totes han de contribuir a fer dels centres educatius uns espais de seguretat.<\/p>\n<h4 class=\"panel-heading\"><a href=\"https:\/\/usav.educacio.gencat.cat\/\">Canal UsApps<\/a><\/h4>\n<div id=\"bloc1\" class=\"panel-collapse collapse in\">\n<div class=\"col-xs-12 columna_esquerra\">\n<div class=\"cos_bloc basic_text_peq pd-15 link-dotted\">\n<p>\u00c9s l\u2019aplicaci\u00f3 web del Departament d\u2019Educaci\u00f3 perqu\u00e8 l\u2019alumnat pugui comunicar-hi situacions de viol\u00e8ncia que pot viure d\u2019una forma f\u00e0cil, intu\u00eftiva i efica\u00e7.<\/p>\n<p>Concretament, es pot dirigir a la\u00a0<strong>UsApps<\/strong> l\u2019alumnat, exalumnat i tota la comunitat educativa, tant si \u00e9s una persona que viu directament una situaci\u00f3 de viol\u00e8ncia com si n\u2019\u00e9s testimoni. Darrere de la\u00a0<strong>UsApps<\/strong>\u00a0hi ha la\u00a0<strong>Unitat de Suport a l\u2019Alumnat en Situaci\u00f3 de Viol\u00e8ncia<\/strong>.<\/p>\n<p><a href=\"https:\/\/youtu.be\/nkgENcCaHH8\" target=\"_blank\" rel=\"noopener\">Presentaci\u00f3 de la UsApps<\/a><\/p>\n<p>Equip de professionals que acollir\u00e0 la den\u00fancia o malestar, gestionar\u00e0 el cas de viol\u00e8ncia, en coordinar\u00e0 l\u2019abordatge. Aquest equip dur\u00e0 a terme una escolta activa de les v\u00edctimes i treballar\u00e0 per facilitar una actuaci\u00f3 sense demora treballant conjuntament amb els i les referents de la xarxa de coordinaci\u00f3 territorial de les Escoles lliures de viol\u00e8ncies i amb els centres educatius, fent les derivacions oportunes als circuits d\u2019abordatge de les viol\u00e8ncies a Catalunya.<\/p>\n<p>Dades de contacte de la USAV:<\/p>\n<ul>\n<li>Adre\u00e7a de correu electr\u00f2nic:\u00a0<a href=\"mailto:usav.educacio@gencat.cat\" target=\"_blank\" rel=\"noopener\">usav.educacio@gencat.cat<\/a><\/li>\n<li>Tel\u00e8fon: 900923098<\/li>\n<\/ul>\n<\/div>\n<\/div>\n<\/div>\n","protected":false},"excerpt":{"rendered":"<p>El Pla les escoles lliures de viol\u00e8ncies pret\u00e9n visibilitzar les viol\u00e8ncies ocultes als centres educatius, identificar-les i actuar-hi per protegir infants i adolescents.<br \/>\nEs parteix d\u2019un canvi de paradigma en el sistema educatiu. Entenem que el conflicte \u00e9s inherent a la humanitat i, per tant, a&hellip;  <a href=\"https:\/\/agora.xtec.cat\/escolalavilapalamos\/general\/les-escoles-lliures-de-violencies\/\" title=\"Read Les escoles lliures de viol\u00e8ncies\">Llegeix m\u00e9s\u00bb<\/a><\/p>\n","protected":false},"author":1,"featured_media":10689,"comment_status":"open","ping_status":"closed","sticky":false,"template":"","format":"standard","meta":{"_bbp_topic_count":0,"_bbp_reply_count":0,"_bbp_total_topic_count":0,"_bbp_total_reply_count":0,"_bbp_voice_count":0,"_bbp_anonymous_reply_count":0,"_bbp_topic_count_hidden":0,"_bbp_reply_count_hidden":0,"_bbp_forum_subforum_count":0,"footnotes":""},"categories":[1,4],"tags":[],"class_list":["post-10688","post","type-post","status-publish","format-standard","has-post-thumbnail","hentry","category-general","category-portada"],"post_mailing_queue_ids":[],"_links":{"self":[{"href":"https:\/\/agora.xtec.cat\/escolalavilapalamos\/wp-json\/wp\/v2\/posts\/10688","targetHints":{"allow":["GET"]}}],"collection":[{"href":"https:\/\/agora.xtec.cat\/escolalavilapalamos\/wp-json\/wp\/v2\/posts"}],"about":[{"href":"https:\/\/agora.xtec.cat\/escolalavilapalamos\/wp-json\/wp\/v2\/types\/post"}],"author":[{"embeddable":true,"href":"https:\/\/agora.xtec.cat\/escolalavilapalamos\/wp-json\/wp\/v2\/users\/1"}],"replies":[{"embeddable":true,"href":"https:\/\/agora.xtec.cat\/escolalavilapalamos\/wp-json\/wp\/v2\/comments?post=10688"}],"version-history":[{"count":3,"href":"https:\/\/agora.xtec.cat\/escolalavilapalamos\/wp-json\/wp\/v2\/posts\/10688\/revisions"}],"predecessor-version":[{"id":10692,"href":"https:\/\/agora.xtec.cat\/escolalavilapalamos\/wp-json\/wp\/v2\/posts\/10688\/revisions\/10692"}],"wp:featuredmedia":[{"embeddable":true,"href":"https:\/\/agora.xtec.cat\/escolalavilapalamos\/wp-json\/wp\/v2\/media\/10689"}],"wp:attachment":[{"href":"https:\/\/agora.xtec.cat\/escolalavilapalamos\/wp-json\/wp\/v2\/media?parent=10688"}],"wp:term":[{"taxonomy":"category","embeddable":true,"href":"https:\/\/agora.xtec.cat\/escolalavilapalamos\/wp-json\/wp\/v2\/categories?post=10688"},{"taxonomy":"post_tag","embeddable":true,"href":"https:\/\/agora.xtec.cat\/escolalavilapalamos\/wp-json\/wp\/v2\/tags?post=10688"}],"curies":[{"name":"wp","href":"https:\/\/api.w.org\/{rel}","templated":true}]}}