{"id":10684,"date":"2021-12-02T11:55:08","date_gmt":"2021-12-02T10:55:08","guid":{"rendered":"https:\/\/agora.xtec.cat\/escolalavilapalamos\/?p=10684"},"modified":"2021-12-03T09:20:24","modified_gmt":"2021-12-03T08:20:24","slug":"cine-xic-projeccions-mensuals-de-pellicules-infantils-en-catala","status":"publish","type":"post","link":"https:\/\/agora.xtec.cat\/escolalavilapalamos\/general\/cine-xic-projeccions-mensuals-de-pellicules-infantils-en-catala\/","title":{"rendered":"Cine XIC : projeccions mensuals de pel\u00b7l\u00edcules infantils en catal\u00e0\u00a0"},"content":{"rendered":"<p><img loading=\"lazy\" decoding=\"async\" class=\"alignleft size-medium wp-image-10685\" src=\"https:\/\/agora.xtec.cat\/escolalavilapalamos\/wp-content\/uploads\/usu897\/2021\/12\/Cine-Xic-300x231.jpg\" alt=\"\" width=\"300\" height=\"231\" srcset=\"https:\/\/agora.xtec.cat\/escolalavilapalamos\/wp-content\/uploads\/usu897\/2021\/12\/Cine-Xic-300x231.jpg 300w, https:\/\/agora.xtec.cat\/escolalavilapalamos\/wp-content\/uploads\/usu897\/2021\/12\/Cine-Xic.jpg 416w\" sizes=\"auto, (max-width: 300px) 100vw, 300px\" \/>La setmana vinent comencem <strong>les projeccions de Cine Xic, la programaci\u00f3 infantil de cinema en catal\u00e0 mensual<\/strong> que es portar\u00e0 a terme un diumenge al mes, de desembre a abril, a les 12 h a La Gorga.<\/p>\n<p>La primera pel\u00b7l\u00edcula ser\u00e0 el dimarts 7 de desembre a les 12h i l\u2019oferim gratu\u00eftament per a tothom: <strong>El Nadal del senyor Branquill\u00f3 i l&#8217;escombra voladora<\/strong>, a partir de 3 anys.<\/p>\n<p>Us podeu descarregar el r\u00e8tol amb <a href=\"https:\/\/drive.google.com\/file\/d\/1avqCWq5OGhjqZs019nTGHJmqaXWkrzXL\/view?usp=sharing\">la llista de pel\u00b7l\u00edcules aqu\u00ed<\/a>.<\/p>\n<p><iframe loading=\"lazy\" src=\"\/\/www.youtube.com\/embed\/ZB451Er2mr0\" width=\"560\" height=\"314\" allowfullscreen=\"allowfullscreen\"><\/iframe><\/p>\n<p>Entrades a\u00a0<a href=\"http:\/\/www.lagorga.cat\/\" data-saferedirecturl=\"https:\/\/www.google.com\/url?q=http:\/\/www.lagorga.cat&amp;source=gmail&amp;ust=1638520381472000&amp;usg=AOvVaw05S5mmegW8-5iL42569kM8\">www.lagorga.cat<\/a><\/p>\n","protected":false},"excerpt":{"rendered":"<p>La setmana vinent comencem les projeccions de Cine Xic, la programaci\u00f3 infantil de cinema en catal\u00e0 mensual que es portar\u00e0 a terme un diumenge al mes, de desembre a abril, a les 12 h a La Gorga.<br \/>\nLa primera pel\u00b7l\u00edcula ser\u00e0 el dimarts 7 de desembre&hellip;  <a href=\"https:\/\/agora.xtec.cat\/escolalavilapalamos\/general\/cine-xic-projeccions-mensuals-de-pellicules-infantils-en-catala\/\" title=\"Read Cine XIC : projeccions mensuals de pel\u00b7l\u00edcules infantils en catal\u00e0\u00a0\">Llegeix m\u00e9s\u00bb<\/a><\/p>\n","protected":false},"author":1,"featured_media":10685,"comment_status":"open","ping_status":"closed","sticky":false,"template":"","format":"standard","meta":{"_bbp_topic_count":0,"_bbp_reply_count":0,"_bbp_total_topic_count":0,"_bbp_total_reply_count":0,"_bbp_voice_count":0,"_bbp_anonymous_reply_count":0,"_bbp_topic_count_hidden":0,"_bbp_reply_count_hidden":0,"_bbp_forum_subforum_count":0,"footnotes":""},"categories":[1,4],"tags":[],"class_list":["post-10684","post","type-post","status-publish","format-standard","has-post-thumbnail","hentry","category-general","category-portada"],"post_mailing_queue_ids":[],"_links":{"self":[{"href":"https:\/\/agora.xtec.cat\/escolalavilapalamos\/wp-json\/wp\/v2\/posts\/10684","targetHints":{"allow":["GET"]}}],"collection":[{"href":"https:\/\/agora.xtec.cat\/escolalavilapalamos\/wp-json\/wp\/v2\/posts"}],"about":[{"href":"https:\/\/agora.xtec.cat\/escolalavilapalamos\/wp-json\/wp\/v2\/types\/post"}],"author":[{"embeddable":true,"href":"https:\/\/agora.xtec.cat\/escolalavilapalamos\/wp-json\/wp\/v2\/users\/1"}],"replies":[{"embeddable":true,"href":"https:\/\/agora.xtec.cat\/escolalavilapalamos\/wp-json\/wp\/v2\/comments?post=10684"}],"version-history":[{"count":2,"href":"https:\/\/agora.xtec.cat\/escolalavilapalamos\/wp-json\/wp\/v2\/posts\/10684\/revisions"}],"predecessor-version":[{"id":10687,"href":"https:\/\/agora.xtec.cat\/escolalavilapalamos\/wp-json\/wp\/v2\/posts\/10684\/revisions\/10687"}],"wp:featuredmedia":[{"embeddable":true,"href":"https:\/\/agora.xtec.cat\/escolalavilapalamos\/wp-json\/wp\/v2\/media\/10685"}],"wp:attachment":[{"href":"https:\/\/agora.xtec.cat\/escolalavilapalamos\/wp-json\/wp\/v2\/media?parent=10684"}],"wp:term":[{"taxonomy":"category","embeddable":true,"href":"https:\/\/agora.xtec.cat\/escolalavilapalamos\/wp-json\/wp\/v2\/categories?post=10684"},{"taxonomy":"post_tag","embeddable":true,"href":"https:\/\/agora.xtec.cat\/escolalavilapalamos\/wp-json\/wp\/v2\/tags?post=10684"}],"curies":[{"name":"wp","href":"https:\/\/api.w.org\/{rel}","templated":true}]}}