{"id":10677,"date":"2022-01-10T07:00:01","date_gmt":"2022-01-10T06:00:01","guid":{"rendered":"https:\/\/agora.xtec.cat\/escolalavilapalamos\/?p=10677"},"modified":"2022-01-11T09:30:37","modified_gmt":"2022-01-11T08:30:37","slug":"anem-a-la-piscina-3","status":"publish","type":"post","link":"https:\/\/agora.xtec.cat\/escolalavilapalamos\/general\/anem-a-la-piscina-3\/","title":{"rendered":"Anem a la piscina"},"content":{"rendered":"<p>Dins l&#8217;\u00e0rea de l&#8217;educaci\u00f3 f\u00edsica de la comunitat de mitjans \u00e9s molt important <strong>aprendre a nedar<\/strong>.<img loading=\"lazy\" decoding=\"async\" class=\"wp-image-539 alignright\" src=\"https:\/\/agora.xtec.cat\/escolalavilapalamos\/wp-content\/uploads\/usu897\/2017\/01\/12520-molestias-de-los-oidos-en-piscina-300x167.jpg\" alt=\"\" width=\"449\" height=\"250\" srcset=\"https:\/\/agora.xtec.cat\/escolalavilapalamos\/wp-content\/uploads\/usu897\/2017\/01\/12520-molestias-de-los-oidos-en-piscina-300x167.jpg 300w, https:\/\/agora.xtec.cat\/escolalavilapalamos\/wp-content\/uploads\/usu897\/2017\/01\/12520-molestias-de-los-oidos-en-piscina-768x427.jpg 768w, https:\/\/agora.xtec.cat\/escolalavilapalamos\/wp-content\/uploads\/usu897\/2017\/01\/12520-molestias-de-los-oidos-en-piscina-1024x569.jpg 1024w\" sizes=\"auto, (max-width: 449px) 100vw, 449px\" \/><br \/>\nEls\/les alumnes de 2n i 3r aniran a la Piscina Mancomunada Mes Gavarres de gener a mar\u00e7 de 2022.<\/p>\n<p>Els\/les alumnes de 2n aniran a la piscina els dimecres al mat\u00ed del 12 gener al 16 de mar\u00e7.<\/p>\n<p>Els\/les alumnes de 3r aniran a la piscina els dijous al mat\u00ed del 13 gener al 17 de mar\u00e7.<\/p>\n<p>Tota la informaci\u00f3 i la circular per l&#8217;autoritzaci\u00f3 us la podeu descarregar a:<\/p>\n<p><a href=\"https:\/\/drive.google.com\/file\/d\/1vH1ZtnPNwrBkyu8nksYBVYs9lQiW38di\/view?usp=sharing\">Circular de piscina de 2n<\/a>.\u00a0 <a href=\"https:\/\/drive.google.com\/file\/d\/109QCKSmluSNjB326h9_6YqQkJdtoh31s\/view?usp=sharing\">Circular de piscina de 3r<\/a><\/p>\n<p>El mes de gener a l&#8217;hora d&#8217;educaci\u00f3 f\u00edsica venen els monitors de piscina a fer una xerrada als alumnes i recordar quin material han de portar, quines s\u00f3n les normes de la piscina.<\/p>\n<p>El primer dia de l&#8217;activitat tots els\/les alumnes fan una prova de nivell a la piscina petita ( on fan peu) i d&#8217;aqu\u00ed fan els grups. Hi ha 4 grups amb 4 monitors m\u00e9s el socorrista. Normalment surten 2 grups que fan l&#8217;activitat a la piscina petita (de nivell baix) i 2 que van a la gran ( nivell alt) on tenen reservat 2 carrils ( els 2 de les cantonades).<\/p>\n<p>Aquesta \u00e9s una activitat subvencionada per la<\/p>\n<p><img loading=\"lazy\" decoding=\"async\" class=\"alignnone\" src=\"https:\/\/lh3.googleusercontent.com\/ATWDg1Tdm7GxuhbD3jkq_OGhdStbOw4tvQwVbd01oyOfglkccgcgAcqvolJaMJzwqeOoz7paqXn6MepejfDoOcps2EE_owtStLE0bFLoy3uLj_hfSymS6NQFxSp5MHmSWwGlnwe_KBfk7zsVcbcyG-qVhFPzKNd53y7dkQDHsuFeObphNIzUEMXNwTxMZxxIW3QjuAMEe1mMl9vwGNktG9dw-VWxxm1Dk5P7rcBMK3ctQny3Q9yMi8WoBhaMkHSD5kpmA9B1DA1C8RxoLAOzwblrvxo5coQ_ayD9zuU8B_Ta5pwjEfEex1imfgL4bTcyZfF7qw4z3KAISkjdx7F00DqprRyqRggP7DvWEyia8yVVzDks08dwgVWWl9li3fInuASqTZT0MBB53GjD4vn-MNOHVVZlCPAVL_svVZhJRlhi1DINLUBGswsPYrFF0FxbD0aWulnZoc0pX0xQ2_2Ndea_VwtHPiS0GiQqqU6_ecXZeZJVKw8CaCsqTTS4sTcA74ebg_dednR-6l4dc6egoob7mHZaTF-jPuxosS18c2pM258R-c7w5XxyIsjOF3LrYB-hYewVbv103UTsTb0a-fZf4dvIX9GjuKqoKhORxX2cCHpxC7Z0yubMNiohxBoOHhydt3ZF8LJHwlIpqNH_Qa23j2XE0a-oJjTEKdeJ2A=w162-h185-no\" width=\"130\" height=\"148\" \/><a href=\"https:\/\/agora.xtec.cat\/escolalavilapalamos\/wp-content\/uploads\/usu897\/2021\/12\/baixa.jpg\"><img loading=\"lazy\" decoding=\"async\" class=\"alignleft size-full wp-image-10679\" src=\"https:\/\/agora.xtec.cat\/escolalavilapalamos\/wp-content\/uploads\/usu897\/2021\/12\/baixa.jpg\" alt=\"\" width=\"180\" height=\"180\" srcset=\"https:\/\/agora.xtec.cat\/escolalavilapalamos\/wp-content\/uploads\/usu897\/2021\/12\/baixa.jpg 180w, https:\/\/agora.xtec.cat\/escolalavilapalamos\/wp-content\/uploads\/usu897\/2021\/12\/baixa-150x150.jpg 150w\" sizes=\"auto, (max-width: 180px) 100vw, 180px\" \/><\/a><a href=\"http:\/\/agora.xtec.cat\/escolalavilapalamos\/wp-content\/uploads\/usu897\/2017\/01\/marca_diputacio_apaisada.jpg\"><img loading=\"lazy\" decoding=\"async\" class=\"wp-image-2204 alignleft\" src=\"http:\/\/agora.xtec.cat\/escolalavilapalamos\/wp-content\/uploads\/usu897\/2017\/01\/marca_diputacio_apaisada-1024x382.jpg\" alt=\"\" width=\"356\" height=\"133\" srcset=\"https:\/\/agora.xtec.cat\/escolalavilapalamos\/wp-content\/uploads\/usu897\/2017\/01\/marca_diputacio_apaisada-1024x382.jpg 1024w, https:\/\/agora.xtec.cat\/escolalavilapalamos\/wp-content\/uploads\/usu897\/2017\/01\/marca_diputacio_apaisada-300x112.jpg 300w, https:\/\/agora.xtec.cat\/escolalavilapalamos\/wp-content\/uploads\/usu897\/2017\/01\/marca_diputacio_apaisada-768x286.jpg 768w\" sizes=\"auto, (max-width: 356px) 100vw, 356px\" \/><\/a><\/p>\n","protected":false},"excerpt":{"rendered":"<p>Dins l&#8217;\u00e0rea de l&#8217;educaci\u00f3 f\u00edsica de la comunitat de mitjans \u00e9s molt important aprendre a nedar.<br \/>\nEls\/les alumnes de 2n i 3r aniran a la Piscina Mancomunada Mes Gavarres de gener a mar\u00e7 de 2022.<br \/>\nEls\/les alumnes de 2n aniran a la piscina els dimecres al mat\u00ed&hellip;  <a href=\"https:\/\/agora.xtec.cat\/escolalavilapalamos\/general\/anem-a-la-piscina-3\/\" title=\"Read Anem a la piscina\">Llegeix m\u00e9s\u00bb<\/a><\/p>\n","protected":false},"author":1,"featured_media":539,"comment_status":"open","ping_status":"closed","sticky":false,"template":"","format":"standard","meta":{"_bbp_topic_count":0,"_bbp_reply_count":0,"_bbp_total_topic_count":0,"_bbp_total_reply_count":0,"_bbp_voice_count":0,"_bbp_anonymous_reply_count":0,"_bbp_topic_count_hidden":0,"_bbp_reply_count_hidden":0,"_bbp_forum_subforum_count":0,"footnotes":""},"categories":[127,1,4],"tags":[],"class_list":["post-10677","post","type-post","status-publish","format-standard","has-post-thumbnail","hentry","category-comunitat-de-mitjans","category-general","category-portada"],"post_mailing_queue_ids":[],"_links":{"self":[{"href":"https:\/\/agora.xtec.cat\/escolalavilapalamos\/wp-json\/wp\/v2\/posts\/10677","targetHints":{"allow":["GET"]}}],"collection":[{"href":"https:\/\/agora.xtec.cat\/escolalavilapalamos\/wp-json\/wp\/v2\/posts"}],"about":[{"href":"https:\/\/agora.xtec.cat\/escolalavilapalamos\/wp-json\/wp\/v2\/types\/post"}],"author":[{"embeddable":true,"href":"https:\/\/agora.xtec.cat\/escolalavilapalamos\/wp-json\/wp\/v2\/users\/1"}],"replies":[{"embeddable":true,"href":"https:\/\/agora.xtec.cat\/escolalavilapalamos\/wp-json\/wp\/v2\/comments?post=10677"}],"version-history":[{"count":3,"href":"https:\/\/agora.xtec.cat\/escolalavilapalamos\/wp-json\/wp\/v2\/posts\/10677\/revisions"}],"predecessor-version":[{"id":10773,"href":"https:\/\/agora.xtec.cat\/escolalavilapalamos\/wp-json\/wp\/v2\/posts\/10677\/revisions\/10773"}],"wp:featuredmedia":[{"embeddable":true,"href":"https:\/\/agora.xtec.cat\/escolalavilapalamos\/wp-json\/wp\/v2\/media\/539"}],"wp:attachment":[{"href":"https:\/\/agora.xtec.cat\/escolalavilapalamos\/wp-json\/wp\/v2\/media?parent=10677"}],"wp:term":[{"taxonomy":"category","embeddable":true,"href":"https:\/\/agora.xtec.cat\/escolalavilapalamos\/wp-json\/wp\/v2\/categories?post=10677"},{"taxonomy":"post_tag","embeddable":true,"href":"https:\/\/agora.xtec.cat\/escolalavilapalamos\/wp-json\/wp\/v2\/tags?post=10677"}],"curies":[{"name":"wp","href":"https:\/\/api.w.org\/{rel}","templated":true}]}}