{"id":10644,"date":"2021-11-26T18:45:45","date_gmt":"2021-11-26T17:45:45","guid":{"rendered":"https:\/\/agora.xtec.cat\/escolalavilapalamos\/?p=10644"},"modified":"2021-11-29T09:05:25","modified_gmt":"2021-11-29T08:05:25","slug":"treballem-la-terra-per-dins-i-per-fora-a-6e","status":"publish","type":"post","link":"https:\/\/agora.xtec.cat\/escolalavilapalamos\/general\/treballem-la-terra-per-dins-i-per-fora-a-6e\/","title":{"rendered":"Treballem la Terra per dins i per fora a 6\u00e8"},"content":{"rendered":"<div class=\"nH if\">\n<div class=\"nH aHU\">\n<div class=\"nH hx\">\n<div class=\"nH\" role=\"list\">\n<div class=\"h7 ie nH oy8Mbf\" tabindex=\"-1\" role=\"listitem\">\n<div class=\"Bk\">\n<div class=\"G3 G2\">\n<div id=\":nh\">\n<div class=\"adn ads\" data-message-id=\"#msg-a:r-4229440536317443632\" data-legacy-message-id=\"17d5d88dad66b7cd\">\n<div class=\"gs\">\n<div class=\"\">\n<div id=\":nk\" class=\"ii gt\"><\/div>\n<\/div>\n<div>\n<div class=\"nH if\">\n<div class=\"nH aHU\">\n<div class=\"nH hx\">\n<div class=\"nH\" role=\"list\">\n<div class=\"h7 ie nH oy8Mbf\" tabindex=\"-1\" role=\"listitem\">\n<div class=\"Bk\">\n<div class=\"G3 G2\">\n<div>\n<div id=\":nh\">\n<div class=\"adn ads\" data-message-id=\"#msg-a:r-4229440536317443632\" data-legacy-message-id=\"17d5d88dad66b7cd\">\n<div class=\"gs\">\n<div class=\"\">\n<div id=\":nk\" class=\"ii gt\">\n<div id=\":nj\" class=\"a3s aiL \">Els alumnes de 6\u00e8 hem treballat la terra per dins i per fora aprofitant el gran inter\u00e8s pel volc\u00e0 de la Palma. Durant aquesta proposta hem pogut veure com es produeix una erupci\u00f3, com es mouen les plaques tect\u00f2niques i qu\u00e8 provoquen. Tot plegat ens permet seguir avan\u00e7ant en la construcci\u00f3 de la nostra xarxa de relaci\u00f3 del treball globalitzat d\u2019aquest curs. \u00c9s important veure com tot all\u00f2 que aprenem t\u00e9 relaci\u00f3 i ens permet trobar vincles que uneixen els aprenentatges. En aquest recull de fotografies trobareu diferents activitats de la proposta i uns exemples de la xarxa de relacions!<\/div>\n<div><\/div>\n<\/div>\n<div>Clica la <a href=\"https:\/\/photos.app.goo.gl\/pux86ASrjJ2sjaSQA\">imatge<\/a> per veure la galeria d&#8217;imatges del treball globalitzat i les xarxes de relacions.<\/div>\n<div id=\":nk\" class=\"ii gt\">\n<div class=\"yj6qo\"><\/div>\n<div class=\"yj6qo\"><\/div>\n<\/div>\n<\/div>\n<\/div>\n<\/div>\n<\/div>\n<\/div>\n<\/div>\n<\/div>\n<\/div>\n<\/div>\n<\/div>\n<\/div>\n<\/div>\n<\/div>\n<\/div>\n<\/div>\n<\/div>\n<\/div>\n<\/div>\n<\/div>\n<\/div>\n<\/div>\n<\/div>\n<\/div>\n<div class=\"yj6qo\"><\/div>\n<div class=\"nH if\">\n<div class=\"nH aHU\">\n<div class=\"nH hx\">\n<div class=\"nH\"><a href=\"https:\/\/photos.app.goo.gl\/pux86ASrjJ2sjaSQA\"><img loading=\"lazy\" decoding=\"async\" class=\"alignleft wp-image-10640\" src=\"https:\/\/agora.xtec.cat\/escolalavilapalamos\/wp-content\/uploads\/usu897\/2021\/11\/IMG_6831-1024x768.jpg\" alt=\"\" width=\"330\" height=\"248\" srcset=\"https:\/\/agora.xtec.cat\/escolalavilapalamos\/wp-content\/uploads\/usu897\/2021\/11\/IMG_6831-1024x768.jpg 1024w, https:\/\/agora.xtec.cat\/escolalavilapalamos\/wp-content\/uploads\/usu897\/2021\/11\/IMG_6831-300x225.jpg 300w, https:\/\/agora.xtec.cat\/escolalavilapalamos\/wp-content\/uploads\/usu897\/2021\/11\/IMG_6831-768x576.jpg 768w, https:\/\/agora.xtec.cat\/escolalavilapalamos\/wp-content\/uploads\/usu897\/2021\/11\/IMG_6831-1536x1152.jpg 1536w, https:\/\/agora.xtec.cat\/escolalavilapalamos\/wp-content\/uploads\/usu897\/2021\/11\/IMG_6831-2048x1536.jpg 2048w, https:\/\/agora.xtec.cat\/escolalavilapalamos\/wp-content\/uploads\/usu897\/2021\/11\/IMG_6831-200x150.jpg 200w\" sizes=\"auto, (max-width: 330px) 100vw, 330px\" \/><\/a><\/div>\n<\/div>\n<\/div>\n<div class=\"nH\">\n<div class=\"l2 pfiaof\" role=\"contentinfo\">\n<div id=\":n9\" class=\"aeV\">\n<div>\n<div class=\"md mj\">\n<div class=\"aeW\"><\/div>\n<\/div>\n<\/div>\n<\/div>\n<div class=\"aeU\">\n<div id=\":n8\">\n<div>\n<div class=\"ma\">\n<div class=\"mb\">\n<div class=\"a2Z\">\n<div class=\"a3I\"><\/div>\n<\/div>\n<\/div>\n<\/div>\n<\/div>\n<\/div>\n<\/div>\n<div id=\":n6\" class=\"ae3\">\n<div>\n<div class=\"l6\">\n<p>&nbsp;<\/p>\n<\/div>\n<\/div>\n<\/div>\n<div><\/div>\n<\/div>\n<\/div>\n<\/div>\n<div class=\"Bt\"><\/div>\n<div class=\"nH\">\n<div class=\"no\">\n<div class=\"nH nn\">\n<div><\/div>\n<\/div>\n<\/div>\n<div class=\"dJ\"><\/div>\n<\/div>\n<div class=\"Bt\"><\/div>\n<div class=\"nH bno adC\" role=\"complementary\">\n<div class=\"nH\"><\/div>\n<\/div>\n","protected":false},"excerpt":{"rendered":"<p>Els alumnes de 6\u00e8 hem treballat la terra per dins i per fora aprofitant el gran inter\u00e8s pel volc\u00e0 de la Palma. Durant aquesta proposta hem pogut veure com es produeix una erupci\u00f3, com es mouen les plaques tect\u00f2niques i qu\u00e8 provoquen. Tot plegat ens&hellip;  <a href=\"https:\/\/agora.xtec.cat\/escolalavilapalamos\/general\/treballem-la-terra-per-dins-i-per-fora-a-6e\/\" title=\"Read Treballem la Terra per dins i per fora a 6\u00e8\">Llegeix m\u00e9s\u00bb<\/a><\/p>\n","protected":false},"author":132,"featured_media":10640,"comment_status":"open","ping_status":"closed","sticky":false,"template":"","format":"standard","meta":{"_bbp_topic_count":0,"_bbp_reply_count":0,"_bbp_total_topic_count":0,"_bbp_total_reply_count":0,"_bbp_voice_count":0,"_bbp_anonymous_reply_count":0,"_bbp_topic_count_hidden":0,"_bbp_reply_count_hidden":0,"_bbp_forum_subforum_count":0,"footnotes":""},"categories":[15,128,1,138,4,5],"tags":[],"class_list":["post-10644","post","type-post","status-publish","format-standard","has-post-thumbnail","hentry","category-6e","category-comunitat-de-grans","category-general","category-notices-a-la-web","category-portada","category-primaria"],"post_mailing_queue_ids":[],"_links":{"self":[{"href":"https:\/\/agora.xtec.cat\/escolalavilapalamos\/wp-json\/wp\/v2\/posts\/10644","targetHints":{"allow":["GET"]}}],"collection":[{"href":"https:\/\/agora.xtec.cat\/escolalavilapalamos\/wp-json\/wp\/v2\/posts"}],"about":[{"href":"https:\/\/agora.xtec.cat\/escolalavilapalamos\/wp-json\/wp\/v2\/types\/post"}],"author":[{"embeddable":true,"href":"https:\/\/agora.xtec.cat\/escolalavilapalamos\/wp-json\/wp\/v2\/users\/132"}],"replies":[{"embeddable":true,"href":"https:\/\/agora.xtec.cat\/escolalavilapalamos\/wp-json\/wp\/v2\/comments?post=10644"}],"version-history":[{"count":3,"href":"https:\/\/agora.xtec.cat\/escolalavilapalamos\/wp-json\/wp\/v2\/posts\/10644\/revisions"}],"predecessor-version":[{"id":10654,"href":"https:\/\/agora.xtec.cat\/escolalavilapalamos\/wp-json\/wp\/v2\/posts\/10644\/revisions\/10654"}],"wp:featuredmedia":[{"embeddable":true,"href":"https:\/\/agora.xtec.cat\/escolalavilapalamos\/wp-json\/wp\/v2\/media\/10640"}],"wp:attachment":[{"href":"https:\/\/agora.xtec.cat\/escolalavilapalamos\/wp-json\/wp\/v2\/media?parent=10644"}],"wp:term":[{"taxonomy":"category","embeddable":true,"href":"https:\/\/agora.xtec.cat\/escolalavilapalamos\/wp-json\/wp\/v2\/categories?post=10644"},{"taxonomy":"post_tag","embeddable":true,"href":"https:\/\/agora.xtec.cat\/escolalavilapalamos\/wp-json\/wp\/v2\/tags?post=10644"}],"curies":[{"name":"wp","href":"https:\/\/api.w.org\/{rel}","templated":true}]}}