{"id":1064,"date":"2019-04-30T08:00:38","date_gmt":"2019-04-30T06:00:38","guid":{"rendered":"http:\/\/agora.xtec.cat\/escolalavilapalamos\/?p=1064"},"modified":"2019-05-01T12:24:52","modified_gmt":"2019-05-01T10:24:52","slug":"sortida-a-les-platges-de-llevant","status":"publish","type":"post","link":"https:\/\/agora.xtec.cat\/escolalavilapalamos\/general\/sortida-a-les-platges-de-llevant\/","title":{"rendered":"Sortida a les platges de llevant"},"content":{"rendered":"<p><img loading=\"lazy\" decoding=\"async\" class=\"alignleft\" src=\"http:\/\/www.costabravaverdhotels.com\/media\/zonas\/palamos.jpg\" width=\"402\" height=\"271\" \/>Dijous 2 de maig els\/les alumnes de 5\u00e8 anem d&#8217;excursi\u00f3 per Palam\u00f3s per con\u00e8ixer<strong> les platges de Llevant<\/strong>. Ruta pel litoral des del Castell de Sant Esteve, cala S&#8217;Alguer, cap a la Fosca fins al poblat ib\u00e8ric de Castell. Ens acompanyen en Ra\u00fal i en Jofre de Medi ambient. La sortida \u00e9s nom\u00e9s de matins. Tornem a les 13 h a l&#8217;escola.<\/p>\n<p>Lloc de sortida i arribada a l&#8217;escola en l&#8217;horari habitual.<\/p>\n<p>Voleu veure on anem? <a href=\"https:\/\/www.google.es\/maps\/place\/Poblat+Iberic+Cala+Del+Castell\/@41.8604092,3.1485134,1349m\/data=!3m1!1e3!4m16!1m10!4m9!1m3!2m2!1d3.1439954!2d41.8586212!1m3!2m2!1d3.1447463!2d41.859043!3e0!3m4!1s0x0:0xcbe32efd22d47d7e!8m2!3d41.8609107!4d3.1583816\">Mira-ho<\/a><\/p>\n<p>Organitza l&#8217;\u00c0rea de Medi Ambient de l&#8217;Ajuntament de Palam\u00f3s.<a href=\"http:\/\/agora.xtec.cat\/escolalavilapalamos\/wp-content\/uploads\/usu897\/2017\/04\/logotip.jpg\"><img loading=\"lazy\" decoding=\"async\" class=\" wp-image-1071 alignright\" src=\"http:\/\/agora.xtec.cat\/escolalavilapalamos\/wp-content\/uploads\/usu897\/2017\/04\/logotip.jpg\" alt=\"logotip\" width=\"237\" height=\"99\" \/><\/a><\/p>\n","protected":false},"excerpt":{"rendered":"<p>Dijous 2 de maig els\/les alumnes de 5\u00e8 anem d&#8217;excursi\u00f3 per Palam\u00f3s per con\u00e8ixer les platges de Llevant. Ruta pel litoral des del Castell de Sant Esteve, cala S&#8217;Alguer, cap a la Fosca fins al poblat ib\u00e8ric de Castell. Ens acompanyen en Ra\u00fal i en&hellip;  <a href=\"https:\/\/agora.xtec.cat\/escolalavilapalamos\/general\/sortida-a-les-platges-de-llevant\/\" title=\"Read Sortida a les platges de llevant\">Llegeix m\u00e9s\u00bb<\/a><\/p>\n","protected":false},"author":1,"featured_media":1068,"comment_status":"open","ping_status":"closed","sticky":false,"template":"","format":"standard","meta":{"_bbp_topic_count":0,"_bbp_reply_count":0,"_bbp_total_topic_count":0,"_bbp_total_reply_count":0,"_bbp_voice_count":0,"_bbp_anonymous_reply_count":0,"_bbp_topic_count_hidden":0,"_bbp_reply_count_hidden":0,"_bbp_forum_subforum_count":0,"footnotes":""},"categories":[1,4,5],"tags":[94],"class_list":["post-1064","post","type-post","status-publish","format-standard","has-post-thumbnail","hentry","category-general","category-portada","category-primaria","tag-excursio"],"post_mailing_queue_ids":[],"_links":{"self":[{"href":"https:\/\/agora.xtec.cat\/escolalavilapalamos\/wp-json\/wp\/v2\/posts\/1064","targetHints":{"allow":["GET"]}}],"collection":[{"href":"https:\/\/agora.xtec.cat\/escolalavilapalamos\/wp-json\/wp\/v2\/posts"}],"about":[{"href":"https:\/\/agora.xtec.cat\/escolalavilapalamos\/wp-json\/wp\/v2\/types\/post"}],"author":[{"embeddable":true,"href":"https:\/\/agora.xtec.cat\/escolalavilapalamos\/wp-json\/wp\/v2\/users\/1"}],"replies":[{"embeddable":true,"href":"https:\/\/agora.xtec.cat\/escolalavilapalamos\/wp-json\/wp\/v2\/comments?post=1064"}],"version-history":[{"count":3,"href":"https:\/\/agora.xtec.cat\/escolalavilapalamos\/wp-json\/wp\/v2\/posts\/1064\/revisions"}],"predecessor-version":[{"id":5762,"href":"https:\/\/agora.xtec.cat\/escolalavilapalamos\/wp-json\/wp\/v2\/posts\/1064\/revisions\/5762"}],"wp:featuredmedia":[{"embeddable":true,"href":"https:\/\/agora.xtec.cat\/escolalavilapalamos\/wp-json\/wp\/v2\/media\/1068"}],"wp:attachment":[{"href":"https:\/\/agora.xtec.cat\/escolalavilapalamos\/wp-json\/wp\/v2\/media?parent=1064"}],"wp:term":[{"taxonomy":"category","embeddable":true,"href":"https:\/\/agora.xtec.cat\/escolalavilapalamos\/wp-json\/wp\/v2\/categories?post=1064"},{"taxonomy":"post_tag","embeddable":true,"href":"https:\/\/agora.xtec.cat\/escolalavilapalamos\/wp-json\/wp\/v2\/tags?post=1064"}],"curies":[{"name":"wp","href":"https:\/\/api.w.org\/{rel}","templated":true}]}}