{"id":10630,"date":"2021-12-20T08:00:23","date_gmt":"2021-12-20T07:00:23","guid":{"rendered":"https:\/\/agora.xtec.cat\/escolalavilapalamos\/?p=10630"},"modified":"2021-12-26T20:33:48","modified_gmt":"2021-12-26T19:33:48","slug":"nadal-a-lescola-2","status":"publish","type":"post","link":"https:\/\/agora.xtec.cat\/escolalavilapalamos\/general\/nadal-a-lescola-2\/","title":{"rendered":"Nadal a l&#8217;Escola"},"content":{"rendered":"<p><img loading=\"lazy\" decoding=\"async\" class=\"alignright\" src=\"https:\/\/rosamariaartal.files.wordpress.com\/2010\/12\/trineo20santa20claus.gif?w=600\" width=\"356\" height=\"122\" \/><\/p>\n<p><strong>Queden suspeses les cantades de Nadal a l\u2019escola.<\/strong> Aquest Nadal ten\u00edem previst fer les cantades al pavell\u00f3 de forma presencial. La setmana vinent havien de comen\u00e7ar les cantades, per\u00f2 l\u2019actual situaci\u00f3 de pand\u00e8mia ens obliga a suspendre-les. En aquests moments han augmentat els contagis, hem hagut de confinar grups-classe i el Departament d\u2019educaci\u00f3 ens recomana no fer actes amb grans multituds dins espais tancats. Per aquest motiu hem acordat suspendre les cantades.<\/p>\n<p><a class=\"wp-image-2177 alignleft\" href=\"http:\/\/agora.xtec.cat\/escolalavilapalamos\/wp-content\/uploads\/usu897\/2014\/10\/20140411-xuxulanstrum-catradio3.png\"><img loading=\"lazy\" decoding=\"async\" class=\"wp-image-2177 alignleft\" src=\"http:\/\/agora.xtec.cat\/escolalavilapalamos\/wp-content\/uploads\/usu897\/2014\/10\/20140411-xuxulanstrum-catradio3.png\" sizes=\"auto, (max-width: 391px) 100vw, 391px\" srcset=\"https:\/\/agora.xtec.cat\/escolalavilapalamos\/wp-content\/uploads\/usu897\/2014\/10\/20140411-xuxulanstrum-catradio3.png 550w, https:\/\/agora.xtec.cat\/escolalavilapalamos\/wp-content\/uploads\/usu897\/2014\/10\/20140411-xuxulanstrum-catradio3-300x210.png 300w\" alt=\"\" width=\"251\" height=\"175\" \/><\/a>Gravarem els nens i nenes i us farem arribar els audiovisuals. Tamb\u00e9 els penjarem a la web i a les xarxes socials properament.<\/p>\n<p>El dimecres\u00a0 22 de desembre arriba el <strong>patge dels Reis Mags<\/strong> per recollir les cartes dels nens i nenes de l\u2019escola. Farem cagar el ti\u00f3 i farem l\u2019amic invisible.<\/p>\n<p><strong>El dimecres 22 de desembre les classes acaben a les 12:30h. Hi ha servei de menjador fins a les 15h. A la tarda no hi ha classe.\u00a0<\/strong><\/p>\n<h5>Les vacances de Nadal s\u00f3n del dimecres 22 de desembre a la tarda fins el diumenge 9 de gener de 2022, incl\u00f2s. Les classes es reprenen el dilluns 10 de gener de 2022.<\/h5>\n<h5>Bones Festes i Bon any 2022 !<\/h5>\n","protected":false},"excerpt":{"rendered":"<p>Queden suspeses les cantades de Nadal a l\u2019escola. Aquest Nadal ten\u00edem previst fer les cantades al pavell\u00f3 de forma presencial. La setmana vinent havien de comen\u00e7ar les cantades, per\u00f2 l\u2019actual situaci\u00f3 de pand\u00e8mia ens obliga a suspendre-les. En aquests moments han augmentat els contagis, hem&hellip;  <a href=\"https:\/\/agora.xtec.cat\/escolalavilapalamos\/general\/nadal-a-lescola-2\/\" title=\"Read Nadal a l&#8217;Escola\">Llegeix m\u00e9s\u00bb<\/a><\/p>\n","protected":false},"author":1,"featured_media":10632,"comment_status":"open","ping_status":"closed","sticky":false,"template":"","format":"standard","meta":{"_bbp_topic_count":0,"_bbp_reply_count":0,"_bbp_total_topic_count":0,"_bbp_total_reply_count":0,"_bbp_voice_count":0,"_bbp_anonymous_reply_count":0,"_bbp_topic_count_hidden":0,"_bbp_reply_count_hidden":0,"_bbp_forum_subforum_count":0,"footnotes":""},"categories":[1,4],"tags":[],"class_list":["post-10630","post","type-post","status-publish","format-standard","has-post-thumbnail","hentry","category-general","category-portada"],"post_mailing_queue_ids":[],"_links":{"self":[{"href":"https:\/\/agora.xtec.cat\/escolalavilapalamos\/wp-json\/wp\/v2\/posts\/10630","targetHints":{"allow":["GET"]}}],"collection":[{"href":"https:\/\/agora.xtec.cat\/escolalavilapalamos\/wp-json\/wp\/v2\/posts"}],"about":[{"href":"https:\/\/agora.xtec.cat\/escolalavilapalamos\/wp-json\/wp\/v2\/types\/post"}],"author":[{"embeddable":true,"href":"https:\/\/agora.xtec.cat\/escolalavilapalamos\/wp-json\/wp\/v2\/users\/1"}],"replies":[{"embeddable":true,"href":"https:\/\/agora.xtec.cat\/escolalavilapalamos\/wp-json\/wp\/v2\/comments?post=10630"}],"version-history":[{"count":4,"href":"https:\/\/agora.xtec.cat\/escolalavilapalamos\/wp-json\/wp\/v2\/posts\/10630\/revisions"}],"predecessor-version":[{"id":10724,"href":"https:\/\/agora.xtec.cat\/escolalavilapalamos\/wp-json\/wp\/v2\/posts\/10630\/revisions\/10724"}],"wp:featuredmedia":[{"embeddable":true,"href":"https:\/\/agora.xtec.cat\/escolalavilapalamos\/wp-json\/wp\/v2\/media\/10632"}],"wp:attachment":[{"href":"https:\/\/agora.xtec.cat\/escolalavilapalamos\/wp-json\/wp\/v2\/media?parent=10630"}],"wp:term":[{"taxonomy":"category","embeddable":true,"href":"https:\/\/agora.xtec.cat\/escolalavilapalamos\/wp-json\/wp\/v2\/categories?post=10630"},{"taxonomy":"post_tag","embeddable":true,"href":"https:\/\/agora.xtec.cat\/escolalavilapalamos\/wp-json\/wp\/v2\/tags?post=10630"}],"curies":[{"name":"wp","href":"https:\/\/api.w.org\/{rel}","templated":true}]}}