{"id":10588,"date":"2021-11-26T12:56:29","date_gmt":"2021-11-26T11:56:29","guid":{"rendered":"https:\/\/agora.xtec.cat\/escolalavilapalamos\/?p=10588"},"modified":"2021-11-26T12:59:21","modified_gmt":"2021-11-26T11:59:21","slug":"com-treballem-langles-a-p5","status":"publish","type":"post","link":"https:\/\/agora.xtec.cat\/escolalavilapalamos\/general\/com-treballem-langles-a-p5\/","title":{"rendered":"Com treballem l&#8217;Angl\u00e8s a P5?"},"content":{"rendered":"<p><img loading=\"lazy\" decoding=\"async\" class=\"aligncenter wp-image-10591\" src=\"https:\/\/agora.xtec.cat\/escolalavilapalamos\/wp-content\/uploads\/usu897\/2021\/11\/english-kids.jpg\" alt=\"\" width=\"473\" height=\"266\" srcset=\"https:\/\/agora.xtec.cat\/escolalavilapalamos\/wp-content\/uploads\/usu897\/2021\/11\/english-kids.jpg 1024w, https:\/\/agora.xtec.cat\/escolalavilapalamos\/wp-content\/uploads\/usu897\/2021\/11\/english-kids-300x169.jpg 300w, https:\/\/agora.xtec.cat\/escolalavilapalamos\/wp-content\/uploads\/usu897\/2021\/11\/english-kids-768x432.jpg 768w\" sizes=\"auto, (max-width: 473px) 100vw, 473px\" \/><\/p>\n<p>Els nens i nenes de P5 dediquem 45&#8242; a la setmana a una sessi\u00f3 d&#8217;Angl\u00e8s en grup redu\u00eft. Aix\u00f2 ens permet treballar els continguts del curs de forma molt m\u00e9s productiva, participativa i adaptada. Durant aquest primer trimestre, hem estat treballant rutines d&#8217;arribada i cloenda de classe (salutaci\u00f3 i comiat, temps i temperatura), hem fet una pinzellada de les festes tradicionals angleses (<em>Halloween, Christmas<\/em>) i hem estat treballant vocabulari d\u2019aula divers (accions relacionades amb h\u00e0bits i comportament, parts del cos, colors&#8230;). Tot es duu a terme de manera molt din\u00e0mica i a partir de can\u00e7ons relacionades, contes espec\u00edfics i jocs com \u201cSimon says\u201d.<\/p>\n<p>Us deixem un v\u00eddeo de cada classe (<a href=\"https:\/\/youtu.be\/AuduQbFObvo\" target=\"_blank\" rel=\"noopener\">P5A<\/a> i <a href=\"https:\/\/youtu.be\/O2a4h6hukP4\" target=\"_blank\" rel=\"noopener\">P5B<\/a>) per si voleu veure una petita mostra del qu\u00e8 hem estat treballant fins ara. Esperem que en gaudiu!<\/p>\n<p>See you later, alligator!<\/p>\n<p>&nbsp;<\/p>\n","protected":false},"excerpt":{"rendered":"<p>Els nens i nenes de P5 dediquem 45&#8242; a la setmana a una sessi\u00f3 d&#8217;Angl\u00e8s en grup redu\u00eft. Aix\u00f2 ens permet treballar els continguts del curs de forma molt m\u00e9s productiva, participativa i adaptada. Durant aquest primer trimestre, hem estat treballant rutines d&#8217;arribada i cloenda&hellip;  <a href=\"https:\/\/agora.xtec.cat\/escolalavilapalamos\/general\/com-treballem-langles-a-p5\/\" title=\"Read Com treballem l&#8217;Angl\u00e8s a P5?\">Llegeix m\u00e9s\u00bb<\/a><\/p>\n","protected":false},"author":128,"featured_media":10591,"comment_status":"open","ping_status":"closed","sticky":false,"template":"","format":"standard","meta":{"_bbp_topic_count":0,"_bbp_reply_count":0,"_bbp_total_topic_count":0,"_bbp_total_reply_count":0,"_bbp_voice_count":0,"_bbp_anonymous_reply_count":0,"_bbp_topic_count_hidden":0,"_bbp_reply_count_hidden":0,"_bbp_forum_subforum_count":0,"footnotes":""},"categories":[67,1,4],"tags":[],"class_list":["post-10588","post","type-post","status-publish","format-standard","has-post-thumbnail","hentry","category-especialistes","category-general","category-portada"],"post_mailing_queue_ids":[],"_links":{"self":[{"href":"https:\/\/agora.xtec.cat\/escolalavilapalamos\/wp-json\/wp\/v2\/posts\/10588","targetHints":{"allow":["GET"]}}],"collection":[{"href":"https:\/\/agora.xtec.cat\/escolalavilapalamos\/wp-json\/wp\/v2\/posts"}],"about":[{"href":"https:\/\/agora.xtec.cat\/escolalavilapalamos\/wp-json\/wp\/v2\/types\/post"}],"author":[{"embeddable":true,"href":"https:\/\/agora.xtec.cat\/escolalavilapalamos\/wp-json\/wp\/v2\/users\/128"}],"replies":[{"embeddable":true,"href":"https:\/\/agora.xtec.cat\/escolalavilapalamos\/wp-json\/wp\/v2\/comments?post=10588"}],"version-history":[{"count":3,"href":"https:\/\/agora.xtec.cat\/escolalavilapalamos\/wp-json\/wp\/v2\/posts\/10588\/revisions"}],"predecessor-version":[{"id":10610,"href":"https:\/\/agora.xtec.cat\/escolalavilapalamos\/wp-json\/wp\/v2\/posts\/10588\/revisions\/10610"}],"wp:featuredmedia":[{"embeddable":true,"href":"https:\/\/agora.xtec.cat\/escolalavilapalamos\/wp-json\/wp\/v2\/media\/10591"}],"wp:attachment":[{"href":"https:\/\/agora.xtec.cat\/escolalavilapalamos\/wp-json\/wp\/v2\/media?parent=10588"}],"wp:term":[{"taxonomy":"category","embeddable":true,"href":"https:\/\/agora.xtec.cat\/escolalavilapalamos\/wp-json\/wp\/v2\/categories?post=10588"},{"taxonomy":"post_tag","embeddable":true,"href":"https:\/\/agora.xtec.cat\/escolalavilapalamos\/wp-json\/wp\/v2\/tags?post=10588"}],"curies":[{"name":"wp","href":"https:\/\/api.w.org\/{rel}","templated":true}]}}