{"id":10584,"date":"2021-11-26T15:33:28","date_gmt":"2021-11-26T14:33:28","guid":{"rendered":"https:\/\/agora.xtec.cat\/escolalavilapalamos\/?p=10584"},"modified":"2021-11-26T18:15:50","modified_gmt":"2021-11-26T17:15:50","slug":"pen-pals","status":"publish","type":"post","link":"https:\/\/agora.xtec.cat\/escolalavilapalamos\/general\/pen-pals\/","title":{"rendered":"Pen Pals"},"content":{"rendered":"<p><strong>Els nois i noies de 5\u00e8 i 6\u00e8 estem treballant en angl\u00e8s un projecte de Pen pals.<\/strong><\/p>\n<p>Us preguntareu qu\u00e8 \u00e9s un &#8220;pen pal&#8221;? Un pen pal \u00e9s una persona que t\u00e9 m\u00e9s o menys la mateixa edat que nosaltres i amb la qual ens cartegem, per\u00f2 que no coneixem personalment. Enguany, des de l&#8217;escola ens hem posat en contacte amb English teachers d&#8217;una escola d&#8217; It\u00e0lia i una de Turquia. L&#8217;objectiu de l&#8217;activitat \u00e9s el de con\u00e8ixer una realitat diferent de la nostra i que mitjan\u00e7ant les cartes tradicionals podem practicar l&#8217;angl\u00e8s escrit. Els nois i noies s&#8217;han esfor\u00e7at en fer un esborrany de la carta, passar-la a net amb la millor lletra possible i en alguns casos fins i tot l&#8217;han decorat. En aquesta primera carta els\u00a0 hem explicat qui som, d&#8217;on som, com som.. Tamb\u00e9 hem parlat dels nostres gustos i les nostres rutines. Hem aprofitat per fer tamb\u00e9 alguna pregunta. Hem fet especial inc\u00eds en no donar dades personals i totes les cartes van &#8220;from teacher to teacher&#8221;. Quan arribin a les respectives escoles seran repartides als seus destinataris. Esperem que aquesta sigui la primera de les moltes que vindran. Tenim moltes ganes d&#8217;explicar coses del nostre poble i del nostre pa\u00eds.<\/p>\n<p>Us mantindrem informats!!!<\/p>\n<p>&nbsp;<\/p>\n<p><a href=\"https:\/\/agora.xtec.cat\/escolalavilapalamos\/wp-content\/uploads\/usu897\/2021\/11\/25-novembre-3747-Copy.jpg\"><img loading=\"lazy\" decoding=\"async\" class=\"size-large wp-image-10617\" src=\"https:\/\/agora.xtec.cat\/escolalavilapalamos\/wp-content\/uploads\/usu897\/2021\/11\/25-novembre-3747-Copy-1024x768.jpg\" alt=\"\" width=\"1024\" height=\"768\" srcset=\"https:\/\/agora.xtec.cat\/escolalavilapalamos\/wp-content\/uploads\/usu897\/2021\/11\/25-novembre-3747-Copy-1024x768.jpg 1024w, https:\/\/agora.xtec.cat\/escolalavilapalamos\/wp-content\/uploads\/usu897\/2021\/11\/25-novembre-3747-Copy-300x225.jpg 300w, https:\/\/agora.xtec.cat\/escolalavilapalamos\/wp-content\/uploads\/usu897\/2021\/11\/25-novembre-3747-Copy-768x576.jpg 768w, https:\/\/agora.xtec.cat\/escolalavilapalamos\/wp-content\/uploads\/usu897\/2021\/11\/25-novembre-3747-Copy-1536x1152.jpg 1536w, https:\/\/agora.xtec.cat\/escolalavilapalamos\/wp-content\/uploads\/usu897\/2021\/11\/25-novembre-3747-Copy-200x150.jpg 200w, https:\/\/agora.xtec.cat\/escolalavilapalamos\/wp-content\/uploads\/usu897\/2021\/11\/25-novembre-3747-Copy.jpg 1600w\" sizes=\"auto, (max-width: 1024px) 100vw, 1024px\" \/><\/a><\/p>\n<p>&nbsp;<\/p>\n","protected":false},"excerpt":{"rendered":"<p>Els nois i noies de 5\u00e8 i 6\u00e8 estem treballant en angl\u00e8s un projecte de Pen pals.<br \/>\nUs preguntareu qu\u00e8 \u00e9s un &#8220;pen pal&#8221;? Un pen pal \u00e9s una persona que t\u00e9 m\u00e9s o menys la mateixa edat que nosaltres i amb la qual ens cartegem,&hellip;  <a href=\"https:\/\/agora.xtec.cat\/escolalavilapalamos\/general\/pen-pals\/\" title=\"Read Pen Pals\">Llegeix m\u00e9s\u00bb<\/a><\/p>\n","protected":false},"author":11,"featured_media":10617,"comment_status":"open","ping_status":"closed","sticky":false,"template":"","format":"standard","meta":{"_bbp_topic_count":0,"_bbp_reply_count":0,"_bbp_total_topic_count":0,"_bbp_total_reply_count":0,"_bbp_voice_count":0,"_bbp_anonymous_reply_count":0,"_bbp_topic_count_hidden":0,"_bbp_reply_count_hidden":0,"_bbp_forum_subforum_count":0,"footnotes":""},"categories":[128,69,67,1,138,4,5],"tags":[],"class_list":["post-10584","post","type-post","status-publish","format-standard","has-post-thumbnail","hentry","category-comunitat-de-grans","category-english","category-especialistes","category-general","category-notices-a-la-web","category-portada","category-primaria"],"post_mailing_queue_ids":[],"_links":{"self":[{"href":"https:\/\/agora.xtec.cat\/escolalavilapalamos\/wp-json\/wp\/v2\/posts\/10584","targetHints":{"allow":["GET"]}}],"collection":[{"href":"https:\/\/agora.xtec.cat\/escolalavilapalamos\/wp-json\/wp\/v2\/posts"}],"about":[{"href":"https:\/\/agora.xtec.cat\/escolalavilapalamos\/wp-json\/wp\/v2\/types\/post"}],"author":[{"embeddable":true,"href":"https:\/\/agora.xtec.cat\/escolalavilapalamos\/wp-json\/wp\/v2\/users\/11"}],"replies":[{"embeddable":true,"href":"https:\/\/agora.xtec.cat\/escolalavilapalamos\/wp-json\/wp\/v2\/comments?post=10584"}],"version-history":[{"count":3,"href":"https:\/\/agora.xtec.cat\/escolalavilapalamos\/wp-json\/wp\/v2\/posts\/10584\/revisions"}],"predecessor-version":[{"id":10620,"href":"https:\/\/agora.xtec.cat\/escolalavilapalamos\/wp-json\/wp\/v2\/posts\/10584\/revisions\/10620"}],"wp:featuredmedia":[{"embeddable":true,"href":"https:\/\/agora.xtec.cat\/escolalavilapalamos\/wp-json\/wp\/v2\/media\/10617"}],"wp:attachment":[{"href":"https:\/\/agora.xtec.cat\/escolalavilapalamos\/wp-json\/wp\/v2\/media?parent=10584"}],"wp:term":[{"taxonomy":"category","embeddable":true,"href":"https:\/\/agora.xtec.cat\/escolalavilapalamos\/wp-json\/wp\/v2\/categories?post=10584"},{"taxonomy":"post_tag","embeddable":true,"href":"https:\/\/agora.xtec.cat\/escolalavilapalamos\/wp-json\/wp\/v2\/tags?post=10584"}],"curies":[{"name":"wp","href":"https:\/\/api.w.org\/{rel}","templated":true}]}}