{"id":10560,"date":"2021-11-26T13:02:44","date_gmt":"2021-11-26T12:02:44","guid":{"rendered":"https:\/\/agora.xtec.cat\/escolalavilapalamos\/?p=10560"},"modified":"2021-11-26T13:02:44","modified_gmt":"2021-11-26T12:02:44","slug":"cacadors-de-diamants-a-6e","status":"publish","type":"post","link":"https:\/\/agora.xtec.cat\/escolalavilapalamos\/general\/cacadors-de-diamants-a-6e\/","title":{"rendered":"Ca\u00e7adors de Diamants a 6\u00e8!"},"content":{"rendered":"<p><img loading=\"lazy\" decoding=\"async\" class=\"alignright\" src=\"https:\/\/agora.xtec.cat\/escolalavilapalamos\/wp-content\/uploads\/usu897\/2021\/03\/Joc_Complert-700x700.jpg\" width=\"409\" height=\"409\" \/><\/p>\n<p>Aquest trimestre finalitzarem les classes d\u2019educaci\u00f3 f\u00edsica realitzant un joc de taula que es diu <strong>Ca\u00e7adors de Diamants<\/strong>. Aquest joc servir\u00e0 per potenciar el treball cooperatiu a trav\u00e9s de reptes d\u2019educaci\u00f3 f\u00edsica. L\u2019alumnat de 6\u00e8 s\u2019endinsar\u00e0 en una divertida hist\u00f2ria durant aquestes sessions on treballar\u00e0 de valent per arribar a un objectiu com\u00fa. Cada grup gaudir\u00e0 i jugar\u00e0 tot potenciant el treball en equip i el respecte envers als altres i segur que ho faran genial. Endavant ca\u00e7adors i ca\u00e7adores!<\/p>\n<p>Clicant sobre la imatge podreu visualitzar fotografies d\u2019aquestes sessions.<\/p>\n<p>&nbsp;<\/p>\n<p><a href=\"https:\/\/photos.app.goo.gl\/j4qosCkYgqzkbf8d9\"><img loading=\"lazy\" decoding=\"async\" class=\"wp-image-10564 aligncenter\" src=\"https:\/\/agora.xtec.cat\/escolalavilapalamos\/wp-content\/uploads\/usu897\/2021\/11\/IMG_20211118_154943-1024x768.jpg\" alt=\"\" width=\"298\" height=\"224\" srcset=\"https:\/\/agora.xtec.cat\/escolalavilapalamos\/wp-content\/uploads\/usu897\/2021\/11\/IMG_20211118_154943-1024x768.jpg 1024w, https:\/\/agora.xtec.cat\/escolalavilapalamos\/wp-content\/uploads\/usu897\/2021\/11\/IMG_20211118_154943-300x225.jpg 300w, https:\/\/agora.xtec.cat\/escolalavilapalamos\/wp-content\/uploads\/usu897\/2021\/11\/IMG_20211118_154943-768x576.jpg 768w, https:\/\/agora.xtec.cat\/escolalavilapalamos\/wp-content\/uploads\/usu897\/2021\/11\/IMG_20211118_154943-1536x1152.jpg 1536w, https:\/\/agora.xtec.cat\/escolalavilapalamos\/wp-content\/uploads\/usu897\/2021\/11\/IMG_20211118_154943-2048x1536.jpg 2048w, https:\/\/agora.xtec.cat\/escolalavilapalamos\/wp-content\/uploads\/usu897\/2021\/11\/IMG_20211118_154943-200x150.jpg 200w\" sizes=\"auto, (max-width: 298px) 100vw, 298px\" \/><\/a><\/p>\n","protected":false},"excerpt":{"rendered":"<p>Aquest trimestre finalitzarem les classes d\u2019educaci\u00f3 f\u00edsica realitzant un joc de taula que es diu Ca\u00e7adors de Diamants. Aquest joc servir\u00e0 per potenciar el treball cooperatiu a trav\u00e9s de reptes d\u2019educaci\u00f3 f\u00edsica. L\u2019alumnat de 6\u00e8 s\u2019endinsar\u00e0 en una divertida hist\u00f2ria durant aquestes sessions on treballar\u00e0&hellip;  <a href=\"https:\/\/agora.xtec.cat\/escolalavilapalamos\/general\/cacadors-de-diamants-a-6e\/\" title=\"Read Ca\u00e7adors de Diamants a 6\u00e8!\">Llegeix m\u00e9s\u00bb<\/a><\/p>\n","protected":false},"author":167,"featured_media":9139,"comment_status":"open","ping_status":"closed","sticky":false,"template":"","format":"standard","meta":{"_bbp_topic_count":0,"_bbp_reply_count":0,"_bbp_total_topic_count":0,"_bbp_total_reply_count":0,"_bbp_voice_count":0,"_bbp_anonymous_reply_count":0,"_bbp_topic_count_hidden":0,"_bbp_reply_count_hidden":0,"_bbp_forum_subforum_count":0,"footnotes":""},"categories":[15,128,70,67,1,4,5],"tags":[],"class_list":["post-10560","post","type-post","status-publish","format-standard","has-post-thumbnail","hentry","category-6e","category-comunitat-de-grans","category-efi","category-especialistes","category-general","category-portada","category-primaria"],"post_mailing_queue_ids":[],"_links":{"self":[{"href":"https:\/\/agora.xtec.cat\/escolalavilapalamos\/wp-json\/wp\/v2\/posts\/10560","targetHints":{"allow":["GET"]}}],"collection":[{"href":"https:\/\/agora.xtec.cat\/escolalavilapalamos\/wp-json\/wp\/v2\/posts"}],"about":[{"href":"https:\/\/agora.xtec.cat\/escolalavilapalamos\/wp-json\/wp\/v2\/types\/post"}],"author":[{"embeddable":true,"href":"https:\/\/agora.xtec.cat\/escolalavilapalamos\/wp-json\/wp\/v2\/users\/167"}],"replies":[{"embeddable":true,"href":"https:\/\/agora.xtec.cat\/escolalavilapalamos\/wp-json\/wp\/v2\/comments?post=10560"}],"version-history":[{"count":4,"href":"https:\/\/agora.xtec.cat\/escolalavilapalamos\/wp-json\/wp\/v2\/posts\/10560\/revisions"}],"predecessor-version":[{"id":10612,"href":"https:\/\/agora.xtec.cat\/escolalavilapalamos\/wp-json\/wp\/v2\/posts\/10560\/revisions\/10612"}],"wp:featuredmedia":[{"embeddable":true,"href":"https:\/\/agora.xtec.cat\/escolalavilapalamos\/wp-json\/wp\/v2\/media\/9139"}],"wp:attachment":[{"href":"https:\/\/agora.xtec.cat\/escolalavilapalamos\/wp-json\/wp\/v2\/media?parent=10560"}],"wp:term":[{"taxonomy":"category","embeddable":true,"href":"https:\/\/agora.xtec.cat\/escolalavilapalamos\/wp-json\/wp\/v2\/categories?post=10560"},{"taxonomy":"post_tag","embeddable":true,"href":"https:\/\/agora.xtec.cat\/escolalavilapalamos\/wp-json\/wp\/v2\/tags?post=10560"}],"curies":[{"name":"wp","href":"https:\/\/api.w.org\/{rel}","templated":true}]}}