{"id":10554,"date":"2021-11-25T11:22:27","date_gmt":"2021-11-25T10:22:27","guid":{"rendered":"https:\/\/agora.xtec.cat\/escolalavilapalamos\/?p=10554"},"modified":"2021-12-01T16:13:19","modified_gmt":"2021-12-01T15:13:19","slug":"resultats-de-les-eleccions-al-consell-escolar","status":"publish","type":"post","link":"https:\/\/agora.xtec.cat\/escolalavilapalamos\/general\/resultats-de-les-eleccions-al-consell-escolar\/","title":{"rendered":"Resultats de les eleccions al Consell escolar"},"content":{"rendered":"<div class=\"entry-content\">\n<p><img loading=\"lazy\" decoding=\"async\" class=\"wp-image-10557 alignright\" src=\"https:\/\/agora.xtec.cat\/escolalavilapalamos\/wp-content\/uploads\/usu897\/2021\/11\/AFAMed_IMG_EleccionsCEscolar21-300x190.png\" alt=\"\" width=\"430\" height=\"272\" srcset=\"https:\/\/agora.xtec.cat\/escolalavilapalamos\/wp-content\/uploads\/usu897\/2021\/11\/AFAMed_IMG_EleccionsCEscolar21-300x190.png 300w, https:\/\/agora.xtec.cat\/escolalavilapalamos\/wp-content\/uploads\/usu897\/2021\/11\/AFAMed_IMG_EleccionsCEscolar21.png 451w\" sizes=\"auto, (max-width: 430px) 100vw, 430px\" \/><strong>El dimecres 24 de novembre es van celebrar les eleccions al consell escolar, sector fam\u00edlies<\/strong>. Van participar 63 votants, un 10&#8217;8% del cens. Els resultats han estat:<\/p>\n<p>Maria M\u00e9ndez Bars\u00a0 40 vots<\/p>\n<p>Z\u00faria Aguilar S\u00e0nchez\u00a0\u00a0 33 vots<\/p>\n<p>Elsa Lloret Fortuny\u00a0 26 vots<\/p>\n<p>Sandra Vega Duran\u00a0 24 vots.<\/p>\n<p>En aquesta ocasi\u00f3 s\u2019havia\u00a0 de renovar 2 representants de les fam\u00edlies. Amb aquests resultats queden proclamades <strong>nous membres del Consell Escolar del sector fam\u00edlies: Maria M\u00e9ndez i Z\u00faria Aguilar.<\/strong><\/p>\n<p><strong>El consell escolar del centre<\/strong> \u00e9s l\u2019<strong>\u00f2rgan de participaci\u00f3<\/strong> de la comunitat escolar en el govern del centre. En el consell escolar hi ha representats tots els col\u00b7lectius que intervenen en la comunitat educativa: direcci\u00f3, mestres, alumnat, mares i pares, personal d\u2019administraci\u00f3 i serveis, etc. En els centres p\u00fablics, la funci\u00f3 principal del consell escolar \u00e9s <strong>participar en la presa de decisions en relaci\u00f3 amb aquells temes importants per al funcionament i l\u2019organitzaci\u00f3 del centre<\/strong>: el projecte educatiu, la programaci\u00f3 general, la gesti\u00f3 econ\u00f2mica, etc. Els membres del consell escolar s\u00f3n elegits per un per\u00edode de quatre anys i es renoven per meitats cada dos anys.<\/p>\n<p><strong>La constituci\u00f3 del nou consell escolar ser\u00e0 el proper dijous 2 de desembre a les 16:10h<\/strong><\/p>\n<p>Tota la informaci\u00f3 est\u00e0 penjada al tauler d\u2019anuncis de l\u2019escola.\u00a0<a href=\"https:\/\/drive.google.com\/file\/d\/19-pZjhjNHsF4tpJLzyMnnajC8W7mQjHs\/view?usp=sharing\">Podeu consultar l&#8217;acta de la votaci\u00f3 de les eleccions del 24 de novembre<\/a><\/p>\n<\/div>\n","protected":false},"excerpt":{"rendered":"<p>El dimecres 24 de novembre es van celebrar les eleccions al consell escolar, sector fam\u00edlies. Van participar 63 votants, un 10&#8217;8% del cens. Els resultats han estat:<br \/>\nMaria M\u00e9ndez Bars\u00a0 40 vots<br \/>\nZ\u00faria Aguilar S\u00e0nchez\u00a0\u00a0 33 vots<br \/>\nElsa Lloret Fortuny\u00a0 26 vots<br \/>\nSandra Vega Duran\u00a0 24 vots.<br \/>\nEn aquesta ocasi\u00f3&hellip;  <a href=\"https:\/\/agora.xtec.cat\/escolalavilapalamos\/general\/resultats-de-les-eleccions-al-consell-escolar\/\" title=\"Read Resultats de les eleccions al Consell escolar\">Llegeix m\u00e9s\u00bb<\/a><\/p>\n","protected":false},"author":1,"featured_media":10557,"comment_status":"open","ping_status":"closed","sticky":false,"template":"","format":"standard","meta":{"_bbp_topic_count":0,"_bbp_reply_count":0,"_bbp_total_topic_count":0,"_bbp_total_reply_count":0,"_bbp_voice_count":0,"_bbp_anonymous_reply_count":0,"_bbp_topic_count_hidden":0,"_bbp_reply_count_hidden":0,"_bbp_forum_subforum_count":0,"footnotes":""},"categories":[1,4],"tags":[],"class_list":["post-10554","post","type-post","status-publish","format-standard","has-post-thumbnail","hentry","category-general","category-portada"],"post_mailing_queue_ids":[],"_links":{"self":[{"href":"https:\/\/agora.xtec.cat\/escolalavilapalamos\/wp-json\/wp\/v2\/posts\/10554","targetHints":{"allow":["GET"]}}],"collection":[{"href":"https:\/\/agora.xtec.cat\/escolalavilapalamos\/wp-json\/wp\/v2\/posts"}],"about":[{"href":"https:\/\/agora.xtec.cat\/escolalavilapalamos\/wp-json\/wp\/v2\/types\/post"}],"author":[{"embeddable":true,"href":"https:\/\/agora.xtec.cat\/escolalavilapalamos\/wp-json\/wp\/v2\/users\/1"}],"replies":[{"embeddable":true,"href":"https:\/\/agora.xtec.cat\/escolalavilapalamos\/wp-json\/wp\/v2\/comments?post=10554"}],"version-history":[{"count":3,"href":"https:\/\/agora.xtec.cat\/escolalavilapalamos\/wp-json\/wp\/v2\/posts\/10554\/revisions"}],"predecessor-version":[{"id":10683,"href":"https:\/\/agora.xtec.cat\/escolalavilapalamos\/wp-json\/wp\/v2\/posts\/10554\/revisions\/10683"}],"wp:featuredmedia":[{"embeddable":true,"href":"https:\/\/agora.xtec.cat\/escolalavilapalamos\/wp-json\/wp\/v2\/media\/10557"}],"wp:attachment":[{"href":"https:\/\/agora.xtec.cat\/escolalavilapalamos\/wp-json\/wp\/v2\/media?parent=10554"}],"wp:term":[{"taxonomy":"category","embeddable":true,"href":"https:\/\/agora.xtec.cat\/escolalavilapalamos\/wp-json\/wp\/v2\/categories?post=10554"},{"taxonomy":"post_tag","embeddable":true,"href":"https:\/\/agora.xtec.cat\/escolalavilapalamos\/wp-json\/wp\/v2\/tags?post=10554"}],"curies":[{"name":"wp","href":"https:\/\/api.w.org\/{rel}","templated":true}]}}