{"id":10551,"date":"2021-11-02T10:43:17","date_gmt":"2021-11-02T09:43:17","guid":{"rendered":"https:\/\/agora.xtec.cat\/escolalavilapalamos\/?p=10551"},"modified":"2021-11-25T10:45:32","modified_gmt":"2021-11-25T09:45:32","slug":"eleccions-al-consell-escolar-2","status":"publish","type":"post","link":"https:\/\/agora.xtec.cat\/escolalavilapalamos\/general\/eleccions-al-consell-escolar-2\/","title":{"rendered":"Eleccions al Consell escolar"},"content":{"rendered":"<h2><strong><img loading=\"lazy\" decoding=\"async\" class=\" wp-image-4214 alignleft\" src=\"https:\/\/agora.xtec.cat\/escolalavilapalamos\/wp-content\/uploads\/usu897\/2018\/11\/portada.png\" alt=\"\" width=\"349\" height=\"390\" srcset=\"https:\/\/agora.xtec.cat\/escolalavilapalamos\/wp-content\/uploads\/usu897\/2018\/11\/portada.png 589w, https:\/\/agora.xtec.cat\/escolalavilapalamos\/wp-content\/uploads\/usu897\/2018\/11\/portada-269x300.png 269w\" sizes=\"auto, (max-width: 349px) 100vw, 349px\" \/><\/strong><\/h2>\n<p><strong>El consell escolar del centre<\/strong> \u00e9s l\u2019<strong>\u00f2rgan de participaci\u00f3<\/strong> de la comunitat escolar en el govern del centre. En el consell escolar hi ha representats tots els col\u00b7lectius que intervenen en la comunitat educativa: direcci\u00f3, mestres, alumnat, mares i pares, personal d\u2019administraci\u00f3 i serveis, etc.<\/p>\n<p>En aquesta ocasi\u00f3 s&#8217;ha de renovar 2 representants de les fam\u00edlies i 3 de representants dels mestres.<\/p>\n<p>En els centres p\u00fablics, la funci\u00f3 principal del consell escolar \u00e9s <strong>participar en la presa de decisions en relaci\u00f3 amb aquells temes importants per al funcionament i l\u2019organitzaci\u00f3 del centre<\/strong>: el projecte educatiu, la programaci\u00f3 general, la gesti\u00f3 econ\u00f2mica, etc. Els membres del consell escolar s\u00f3n elegits per un per\u00edode de quatre anys i es renoven per meitats cada dos anys.<\/p>\n<p>El curs escolar 2021-2022, <strong>el proc\u00e9s electoral s\u2019inicia el 2 de novembre de 2021. <\/strong>Publicaci\u00f3 dels censos electorals fins el 12 de novembre. Constituci\u00f3 de les meses electorals: abans de l&#8217;11 de novembre de 2021. Constituci\u00f3 del consell escolar i presa de possessi\u00f3 dels membres: 1 de desembre de 2021.<strong>Les eleccions del sector pares i mares s\u00f3n el dimecres 24 de novembre de 8:30 a 16:15h.\u00a0 <\/strong><\/p>\n<p><strong><a href=\"https:\/\/drive.google.com\/file\/d\/1P0kofs-rOl5RRUSZdfUhyP-K6CRI7nvp\/view?usp=sharing\">Candidates a les eleccions del consell escolar (sector mares i pares )<\/a><br \/>\n<\/strong><\/p>\n<p>Tota la informaci\u00f3 est\u00e0 penjada al tauler d&#8217;anuncis de l&#8217;escola.<\/p>\n","protected":false},"excerpt":{"rendered":"<p>El consell escolar del centre \u00e9s l\u2019\u00f2rgan de participaci\u00f3 de la comunitat escolar en el govern del centre. En el consell escolar hi ha representats tots els col\u00b7lectius que intervenen en la comunitat educativa: direcci\u00f3, mestres, alumnat, mares i pares, personal d\u2019administraci\u00f3 i serveis, etc.<br \/>\nEn&hellip;  <a href=\"https:\/\/agora.xtec.cat\/escolalavilapalamos\/general\/eleccions-al-consell-escolar-2\/\" title=\"Read Eleccions al Consell escolar\">Llegeix m\u00e9s\u00bb<\/a><\/p>\n","protected":false},"author":1,"featured_media":10553,"comment_status":"open","ping_status":"closed","sticky":false,"template":"","format":"standard","meta":{"_bbp_topic_count":0,"_bbp_reply_count":0,"_bbp_total_topic_count":0,"_bbp_total_reply_count":0,"_bbp_voice_count":0,"_bbp_anonymous_reply_count":0,"_bbp_topic_count_hidden":0,"_bbp_reply_count_hidden":0,"_bbp_forum_subforum_count":0,"footnotes":""},"categories":[7,1,4,5],"tags":[],"class_list":["post-10551","post","type-post","status-publish","format-standard","has-post-thumbnail","hentry","category-ampa","category-general","category-portada","category-primaria"],"post_mailing_queue_ids":[],"_links":{"self":[{"href":"https:\/\/agora.xtec.cat\/escolalavilapalamos\/wp-json\/wp\/v2\/posts\/10551","targetHints":{"allow":["GET"]}}],"collection":[{"href":"https:\/\/agora.xtec.cat\/escolalavilapalamos\/wp-json\/wp\/v2\/posts"}],"about":[{"href":"https:\/\/agora.xtec.cat\/escolalavilapalamos\/wp-json\/wp\/v2\/types\/post"}],"author":[{"embeddable":true,"href":"https:\/\/agora.xtec.cat\/escolalavilapalamos\/wp-json\/wp\/v2\/users\/1"}],"replies":[{"embeddable":true,"href":"https:\/\/agora.xtec.cat\/escolalavilapalamos\/wp-json\/wp\/v2\/comments?post=10551"}],"version-history":[{"count":1,"href":"https:\/\/agora.xtec.cat\/escolalavilapalamos\/wp-json\/wp\/v2\/posts\/10551\/revisions"}],"predecessor-version":[{"id":10552,"href":"https:\/\/agora.xtec.cat\/escolalavilapalamos\/wp-json\/wp\/v2\/posts\/10551\/revisions\/10552"}],"wp:featuredmedia":[{"embeddable":true,"href":"https:\/\/agora.xtec.cat\/escolalavilapalamos\/wp-json\/wp\/v2\/media\/10553"}],"wp:attachment":[{"href":"https:\/\/agora.xtec.cat\/escolalavilapalamos\/wp-json\/wp\/v2\/media?parent=10551"}],"wp:term":[{"taxonomy":"category","embeddable":true,"href":"https:\/\/agora.xtec.cat\/escolalavilapalamos\/wp-json\/wp\/v2\/categories?post=10551"},{"taxonomy":"post_tag","embeddable":true,"href":"https:\/\/agora.xtec.cat\/escolalavilapalamos\/wp-json\/wp\/v2\/tags?post=10551"}],"curies":[{"name":"wp","href":"https:\/\/api.w.org\/{rel}","templated":true}]}}