{"id":10541,"date":"2021-11-22T15:27:45","date_gmt":"2021-11-22T14:27:45","guid":{"rendered":"https:\/\/agora.xtec.cat\/escolalavilapalamos\/?p=10541"},"modified":"2021-11-25T11:26:30","modified_gmt":"2021-11-25T10:26:30","slug":"colonies-a-la-granja-de-santa-maria-de-palautordera","status":"publish","type":"post","link":"https:\/\/agora.xtec.cat\/escolalavilapalamos\/general\/colonies-a-la-granja-de-santa-maria-de-palautordera\/","title":{"rendered":"Col\u00f2nies a La Granja de Santa Maria de Palautordera"},"content":{"rendered":"<p><a href=\"https:\/\/agora.xtec.cat\/escolalavilapalamos\/wp-content\/uploads\/usu897\/2021\/11\/La-Granja.jpg\"><img loading=\"lazy\" decoding=\"async\" class=\"alignleft size-medium wp-image-10542\" src=\"https:\/\/agora.xtec.cat\/escolalavilapalamos\/wp-content\/uploads\/usu897\/2021\/11\/La-Granja-300x300.jpg\" alt=\"\" width=\"300\" height=\"300\" srcset=\"https:\/\/agora.xtec.cat\/escolalavilapalamos\/wp-content\/uploads\/usu897\/2021\/11\/La-Granja-300x300.jpg 300w, https:\/\/agora.xtec.cat\/escolalavilapalamos\/wp-content\/uploads\/usu897\/2021\/11\/La-Granja-150x150.jpg 150w, https:\/\/agora.xtec.cat\/escolalavilapalamos\/wp-content\/uploads\/usu897\/2021\/11\/La-Granja.jpg 320w\" sizes=\"auto, (max-width: 300px) 100vw, 300px\" \/><\/a>El curs 2021-22 anirem de <strong>col\u00f2nies a la Granja de Santa Maria de Palautordera.<\/strong> El preu aproximat \u00e9s de 100\u20ac. Aix\u00f2 inclou autocar , estada i tallers, i tamb\u00e9 la comissi\u00f3 de La Caixa. Per tal de poder confirmar la reserva a la casa de col\u00f2nies,<strong> cal fer el pagament de 50\u20ac mitjan\u00e7ant el codi de barres.<\/strong><\/p>\n<p><strong>Cal indicar els noms i cognoms i curs de l&#8217;alumne<\/strong>\u00a0a l&#8217;hora de fer el pagament.<\/p>\n<p>Per\u00edode de pagament:\u00a0<strong>del dilluns 22 de novembre al dimecres 8 de desembre incl\u00f2s<\/strong>.<\/p>\n<p>Cal retornar el comprovant d&#8217;ingr\u00e9s a la\/el tutora\/r com a molt tard el divendres 10 de desembre.<\/p>\n<p>Us podeu descarregar els codis de barres aqu\u00ed:<\/p>\n<p><a href=\"https:\/\/drive.google.com\/file\/d\/1oBeDHSpRtauw0nsXYze4T8Fhbn7owNyO\/view?usp=sharing\">Comunitat de petits (P4 i P5)<\/a><\/p>\n<p><a href=\"https:\/\/drive.google.com\/file\/d\/1RTkOGttzJt7FsF8CcqJHodOJmz4ZmVA3\/view?usp=sharing\">Comunitat de mitjans (1r, 2n i 3r)<\/a><\/p>\n<p><a href=\"https:\/\/drive.google.com\/file\/d\/1ydFwmzpzGQqkDmJRKBW1hrA16Fd-nSpR\/view?usp=sharing\">Comunitat de grans (4t, 5\u00e8)<\/a><\/p>\n","protected":false},"excerpt":{"rendered":"<p><a href=\"https:\/\/agora.xtec.cat\/escolalavilapalamos\/wp-content\/uploads\/usu897\/2021\/11\/La-Granja.jpg\"><\/a>El curs 2021-22 anirem de col\u00f2nies a la Granja de Santa Maria de Palautordera. El preu aproximat \u00e9s de 100\u20ac. Aix\u00f2 inclou autocar , estada i tallers, i tamb\u00e9 la comissi\u00f3 de La Caixa. Per tal de poder confirmar la reserva a la casa&hellip;  <a href=\"https:\/\/agora.xtec.cat\/escolalavilapalamos\/general\/colonies-a-la-granja-de-santa-maria-de-palautordera\/\" title=\"Read Col\u00f2nies a La Granja de Santa Maria de Palautordera\">Llegeix m\u00e9s\u00bb<\/a><\/p>\n","protected":false},"author":1,"featured_media":10542,"comment_status":"open","ping_status":"closed","sticky":false,"template":"","format":"standard","meta":{"_bbp_topic_count":0,"_bbp_reply_count":0,"_bbp_total_topic_count":0,"_bbp_total_reply_count":0,"_bbp_voice_count":0,"_bbp_anonymous_reply_count":0,"_bbp_topic_count_hidden":0,"_bbp_reply_count_hidden":0,"_bbp_forum_subforum_count":0,"footnotes":""},"categories":[128,127,2,1,4],"tags":[],"class_list":["post-10541","post","type-post","status-publish","format-standard","has-post-thumbnail","hentry","category-comunitat-de-grans","category-comunitat-de-mitjans","category-infantil","category-general","category-portada"],"post_mailing_queue_ids":[],"_links":{"self":[{"href":"https:\/\/agora.xtec.cat\/escolalavilapalamos\/wp-json\/wp\/v2\/posts\/10541","targetHints":{"allow":["GET"]}}],"collection":[{"href":"https:\/\/agora.xtec.cat\/escolalavilapalamos\/wp-json\/wp\/v2\/posts"}],"about":[{"href":"https:\/\/agora.xtec.cat\/escolalavilapalamos\/wp-json\/wp\/v2\/types\/post"}],"author":[{"embeddable":true,"href":"https:\/\/agora.xtec.cat\/escolalavilapalamos\/wp-json\/wp\/v2\/users\/1"}],"replies":[{"embeddable":true,"href":"https:\/\/agora.xtec.cat\/escolalavilapalamos\/wp-json\/wp\/v2\/comments?post=10541"}],"version-history":[{"count":2,"href":"https:\/\/agora.xtec.cat\/escolalavilapalamos\/wp-json\/wp\/v2\/posts\/10541\/revisions"}],"predecessor-version":[{"id":10544,"href":"https:\/\/agora.xtec.cat\/escolalavilapalamos\/wp-json\/wp\/v2\/posts\/10541\/revisions\/10544"}],"wp:featuredmedia":[{"embeddable":true,"href":"https:\/\/agora.xtec.cat\/escolalavilapalamos\/wp-json\/wp\/v2\/media\/10542"}],"wp:attachment":[{"href":"https:\/\/agora.xtec.cat\/escolalavilapalamos\/wp-json\/wp\/v2\/media?parent=10541"}],"wp:term":[{"taxonomy":"category","embeddable":true,"href":"https:\/\/agora.xtec.cat\/escolalavilapalamos\/wp-json\/wp\/v2\/categories?post=10541"},{"taxonomy":"post_tag","embeddable":true,"href":"https:\/\/agora.xtec.cat\/escolalavilapalamos\/wp-json\/wp\/v2\/tags?post=10541"}],"curies":[{"name":"wp","href":"https:\/\/api.w.org\/{rel}","templated":true}]}}