{"id":10523,"date":"2021-11-19T07:45:15","date_gmt":"2021-11-19T06:45:15","guid":{"rendered":"https:\/\/agora.xtec.cat\/escolalavilapalamos\/?p=10523"},"modified":"2021-11-22T10:12:59","modified_gmt":"2021-11-22T09:12:59","slug":"cros-escolar-2021-a-lescola-la-vila","status":"publish","type":"post","link":"https:\/\/agora.xtec.cat\/escolalavilapalamos\/general\/cros-escolar-2021-a-lescola-la-vila\/","title":{"rendered":"Cros escolar 2021 a l&#8217;escola la Vila"},"content":{"rendered":"<p style=\"text-align: center;\"><a href=\"https:\/\/agora.xtec.cat\/escolalavilapalamos\/wp-content\/uploads\/usu897\/2021\/11\/IMG_20211117_151025-rotated.jpg\"><img loading=\"lazy\" decoding=\"async\" class=\"alignnone wp-image-10524\" src=\"https:\/\/agora.xtec.cat\/escolalavilapalamos\/wp-content\/uploads\/usu897\/2021\/11\/IMG_20211117_151025-rotated.jpg\" alt=\"\" width=\"557\" height=\"418\" srcset=\"https:\/\/agora.xtec.cat\/escolalavilapalamos\/wp-content\/uploads\/usu897\/2021\/11\/IMG_20211117_151025-rotated.jpg 960w, https:\/\/agora.xtec.cat\/escolalavilapalamos\/wp-content\/uploads\/usu897\/2021\/11\/IMG_20211117_151025-300x225.jpg 300w, https:\/\/agora.xtec.cat\/escolalavilapalamos\/wp-content\/uploads\/usu897\/2021\/11\/IMG_20211117_151025-768x576.jpg 768w, https:\/\/agora.xtec.cat\/escolalavilapalamos\/wp-content\/uploads\/usu897\/2021\/11\/IMG_20211117_151025-200x150.jpg 200w\" sizes=\"auto, (max-width: 557px) 100vw, 557px\" \/><\/a><\/p>\n<p>&nbsp;<\/p>\n<p>Aquest curs s\u2019ha celebrat la 28\u00aa edici\u00f3 del Cros escolar. Com a segon any consecutiu i degut a la pand\u00e8mia, la celebraci\u00f3 s\u2019ha dut a terme a la nostra escola. L\u2019alumnat de P5 fins a 6\u00e8 ha participat i gaudit d\u2019aquesta festa de l\u2019esport.<\/p>\n<p>A continuaci\u00f3 us deixem els enlla\u00e7os on podeu visualitzar fotografies de les curses.<\/p>\n<p style=\"text-align: center;\"><a href=\"https:\/\/photos.app.goo.gl\/JS6Mpa3UwJ8gHgPu8\">V\u00eddeo cros 21 escola la Vila<\/a><\/p>\n<p style=\"text-align: center;\"><a href=\"https:\/\/photos.app.goo.gl\/p4ztRRueX27wMh2J6\">P5<\/a>\u00a0 \u00a0<a href=\"https:\/\/photos.app.goo.gl\/NZz2cRjrFUTg5ZnJA\">1r<\/a>\u00a0 \u00a0<a href=\"https:\/\/photos.app.goo.gl\/EV2XM5GKaTpfqJbg9\">2n\u00a0<\/a> \u00a0<a href=\"https:\/\/photos.app.goo.gl\/hYmZmgLk2YCD5uht8\">3r<\/a>\u00a0 \u00a0<a href=\"https:\/\/photos.app.goo.gl\/YKgT3s5udVvTUjp88\">4t<\/a>\u00a0 \u00a0<a href=\"https:\/\/photos.app.goo.gl\/QhjZ2rvURAip8ZbS7\">5\u00e8<\/a>\u00a0 \u00a0<a href=\"https:\/\/photos.app.goo.gl\/Da8BTgmw1kBy4EQs5\">6\u00e8<\/a><\/p>\n","protected":false},"excerpt":{"rendered":"<p><a href=\"https:\/\/agora.xtec.cat\/escolalavilapalamos\/wp-content\/uploads\/usu897\/2021\/11\/IMG_20211117_151025-rotated.jpg\"><\/a><br \/>\n&nbsp;<br \/>\nAquest curs s\u2019ha celebrat la 28\u00aa edici\u00f3 del Cros escolar. Com a segon any consecutiu i degut a la pand\u00e8mia, la celebraci\u00f3 s\u2019ha dut a terme a la nostra escola. L\u2019alumnat de P5 fins a 6\u00e8 ha participat i gaudit d\u2019aquesta festa de l\u2019esport.<br \/>\nA&hellip;  <a href=\"https:\/\/agora.xtec.cat\/escolalavilapalamos\/general\/cros-escolar-2021-a-lescola-la-vila\/\" title=\"Read Cros escolar 2021 a l&#8217;escola la Vila\">Llegeix m\u00e9s\u00bb<\/a><\/p>\n","protected":false},"author":167,"featured_media":10524,"comment_status":"open","ping_status":"closed","sticky":false,"template":"","format":"standard","meta":{"_bbp_topic_count":0,"_bbp_reply_count":0,"_bbp_total_topic_count":0,"_bbp_total_reply_count":0,"_bbp_voice_count":0,"_bbp_anonymous_reply_count":0,"_bbp_topic_count_hidden":0,"_bbp_reply_count_hidden":0,"_bbp_forum_subforum_count":0,"footnotes":""},"categories":[128,127,2,70,67,1,4,5],"tags":[],"class_list":["post-10523","post","type-post","status-publish","format-standard","has-post-thumbnail","hentry","category-comunitat-de-grans","category-comunitat-de-mitjans","category-infantil","category-efi","category-especialistes","category-general","category-portada","category-primaria"],"post_mailing_queue_ids":[],"_links":{"self":[{"href":"https:\/\/agora.xtec.cat\/escolalavilapalamos\/wp-json\/wp\/v2\/posts\/10523","targetHints":{"allow":["GET"]}}],"collection":[{"href":"https:\/\/agora.xtec.cat\/escolalavilapalamos\/wp-json\/wp\/v2\/posts"}],"about":[{"href":"https:\/\/agora.xtec.cat\/escolalavilapalamos\/wp-json\/wp\/v2\/types\/post"}],"author":[{"embeddable":true,"href":"https:\/\/agora.xtec.cat\/escolalavilapalamos\/wp-json\/wp\/v2\/users\/167"}],"replies":[{"embeddable":true,"href":"https:\/\/agora.xtec.cat\/escolalavilapalamos\/wp-json\/wp\/v2\/comments?post=10523"}],"version-history":[{"count":3,"href":"https:\/\/agora.xtec.cat\/escolalavilapalamos\/wp-json\/wp\/v2\/posts\/10523\/revisions"}],"predecessor-version":[{"id":10528,"href":"https:\/\/agora.xtec.cat\/escolalavilapalamos\/wp-json\/wp\/v2\/posts\/10523\/revisions\/10528"}],"wp:featuredmedia":[{"embeddable":true,"href":"https:\/\/agora.xtec.cat\/escolalavilapalamos\/wp-json\/wp\/v2\/media\/10524"}],"wp:attachment":[{"href":"https:\/\/agora.xtec.cat\/escolalavilapalamos\/wp-json\/wp\/v2\/media?parent=10523"}],"wp:term":[{"taxonomy":"category","embeddable":true,"href":"https:\/\/agora.xtec.cat\/escolalavilapalamos\/wp-json\/wp\/v2\/categories?post=10523"},{"taxonomy":"post_tag","embeddable":true,"href":"https:\/\/agora.xtec.cat\/escolalavilapalamos\/wp-json\/wp\/v2\/tags?post=10523"}],"curies":[{"name":"wp","href":"https:\/\/api.w.org\/{rel}","templated":true}]}}