{"id":10511,"date":"2021-11-18T17:21:25","date_gmt":"2021-11-18T16:21:25","guid":{"rendered":"https:\/\/agora.xtec.cat\/escolalavilapalamos\/?p=10511"},"modified":"2021-11-19T14:13:12","modified_gmt":"2021-11-19T13:13:12","slug":"3r-sendinsa-en-el-mon-dels-pirates","status":"publish","type":"post","link":"https:\/\/agora.xtec.cat\/escolalavilapalamos\/general\/3r-sendinsa-en-el-mon-dels-pirates\/","title":{"rendered":"3r s&#8217;endinsa en el m\u00f3n dels Pirates"},"content":{"rendered":"<p><span style=\"font-weight: 400;\"><img loading=\"lazy\" decoding=\"async\" class=\"alignleft wp-image-10519\" src=\"https:\/\/agora.xtec.cat\/escolalavilapalamos\/wp-content\/uploads\/usu897\/2021\/11\/20211117_105516-300x225.jpg\" alt=\"\" width=\"340\" height=\"255\" srcset=\"https:\/\/agora.xtec.cat\/escolalavilapalamos\/wp-content\/uploads\/usu897\/2021\/11\/20211117_105516-300x225.jpg 300w, https:\/\/agora.xtec.cat\/escolalavilapalamos\/wp-content\/uploads\/usu897\/2021\/11\/20211117_105516-1024x768.jpg 1024w, https:\/\/agora.xtec.cat\/escolalavilapalamos\/wp-content\/uploads\/usu897\/2021\/11\/20211117_105516-768x576.jpg 768w, https:\/\/agora.xtec.cat\/escolalavilapalamos\/wp-content\/uploads\/usu897\/2021\/11\/20211117_105516-200x150.jpg 200w, https:\/\/agora.xtec.cat\/escolalavilapalamos\/wp-content\/uploads\/usu897\/2021\/11\/20211117_105516.jpg 1248w\" sizes=\"auto, (max-width: 340px) 100vw, 340px\" \/>El 7 d\u2019octubre de 1543 el pirata Barba-Rossa va arribar a Palam\u00f3s i va bombardejar i destrossar tot el poble. Els nens i nenes de 3r hem sabut com van arribar, com es va defensar la gent de la vila i com funcionava la pirateria en aquella \u00e8poca. Tot passejant per llocs on fa temps que caminem, hem descobert secrets i curiositats del nostre poble. La pla\u00e7a Murada, les escales del Perill, la pla\u00e7a del Forn, el \u201cmur\u201d, l\u2019Esgl\u00e9sia, el carrer del can\u00f3&#8230; tenen hist\u00f2ria i nosaltres, ara, la coneixem una mica m\u00e9s!<\/span><\/p>\n<p><span style=\"font-weight: 400;\">No hi ha millor manera de valorar el nostre entorn que coneixent-lo i aprenent-ne la hist\u00f2ria!\u00a0<\/span><\/p>\n<p><span style=\"font-weight: 400;\">Aqu\u00ed us deixem un recull de les fotos de la sortida.<\/span><\/p>\n<p><a href=\"https:\/\/photos.app.goo.gl\/DiehA6WuUAYwUSBm6\">\u00c0lbum Sortida Pirates de Palam\u00f3s<\/a><\/p>\n","protected":false},"excerpt":{"rendered":"<p>El 7 d\u2019octubre de 1543 el pirata Barba-Rossa va arribar a Palam\u00f3s i va bombardejar i destrossar tot el poble. Els nens i nenes de 3r hem sabut com van arribar, com es va defensar la gent de la vila i com funcionava la pirateria&hellip;  <a href=\"https:\/\/agora.xtec.cat\/escolalavilapalamos\/general\/3r-sendinsa-en-el-mon-dels-pirates\/\" title=\"Read 3r s&#8217;endinsa en el m\u00f3n dels Pirates\">Llegeix m\u00e9s\u00bb<\/a><\/p>\n","protected":false},"author":131,"featured_media":10519,"comment_status":"open","ping_status":"closed","sticky":false,"template":"","format":"standard","meta":{"_bbp_topic_count":0,"_bbp_reply_count":0,"_bbp_total_topic_count":0,"_bbp_total_reply_count":0,"_bbp_voice_count":0,"_bbp_anonymous_reply_count":0,"_bbp_topic_count_hidden":0,"_bbp_reply_count_hidden":0,"_bbp_forum_subforum_count":0,"footnotes":""},"categories":[127,1,4],"tags":[],"class_list":["post-10511","post","type-post","status-publish","format-standard","has-post-thumbnail","hentry","category-comunitat-de-mitjans","category-general","category-portada"],"post_mailing_queue_ids":[],"_links":{"self":[{"href":"https:\/\/agora.xtec.cat\/escolalavilapalamos\/wp-json\/wp\/v2\/posts\/10511","targetHints":{"allow":["GET"]}}],"collection":[{"href":"https:\/\/agora.xtec.cat\/escolalavilapalamos\/wp-json\/wp\/v2\/posts"}],"about":[{"href":"https:\/\/agora.xtec.cat\/escolalavilapalamos\/wp-json\/wp\/v2\/types\/post"}],"author":[{"embeddable":true,"href":"https:\/\/agora.xtec.cat\/escolalavilapalamos\/wp-json\/wp\/v2\/users\/131"}],"replies":[{"embeddable":true,"href":"https:\/\/agora.xtec.cat\/escolalavilapalamos\/wp-json\/wp\/v2\/comments?post=10511"}],"version-history":[{"count":4,"href":"https:\/\/agora.xtec.cat\/escolalavilapalamos\/wp-json\/wp\/v2\/posts\/10511\/revisions"}],"predecessor-version":[{"id":10534,"href":"https:\/\/agora.xtec.cat\/escolalavilapalamos\/wp-json\/wp\/v2\/posts\/10511\/revisions\/10534"}],"wp:featuredmedia":[{"embeddable":true,"href":"https:\/\/agora.xtec.cat\/escolalavilapalamos\/wp-json\/wp\/v2\/media\/10519"}],"wp:attachment":[{"href":"https:\/\/agora.xtec.cat\/escolalavilapalamos\/wp-json\/wp\/v2\/media?parent=10511"}],"wp:term":[{"taxonomy":"category","embeddable":true,"href":"https:\/\/agora.xtec.cat\/escolalavilapalamos\/wp-json\/wp\/v2\/categories?post=10511"},{"taxonomy":"post_tag","embeddable":true,"href":"https:\/\/agora.xtec.cat\/escolalavilapalamos\/wp-json\/wp\/v2\/tags?post=10511"}],"curies":[{"name":"wp","href":"https:\/\/api.w.org\/{rel}","templated":true}]}}