{"id":10505,"date":"2021-11-18T11:41:57","date_gmt":"2021-11-18T10:41:57","guid":{"rendered":"https:\/\/agora.xtec.cat\/escolalavilapalamos\/?p=10505"},"modified":"2021-11-18T19:19:22","modified_gmt":"2021-11-18T18:19:22","slug":"mercat-de-la-joguina-solidaria","status":"publish","type":"post","link":"https:\/\/agora.xtec.cat\/escolalavilapalamos\/general\/mercat-de-la-joguina-solidaria\/","title":{"rendered":"Mercat de la joguina solid\u00e0ria"},"content":{"rendered":"<p><img loading=\"lazy\" decoding=\"async\" class=\"alignleft wp-image-10506\" src=\"https:\/\/agora.xtec.cat\/escolalavilapalamos\/wp-content\/uploads\/usu897\/2021\/11\/CARTELL-MERCAT-DE-LA-JOGUINA-SOLIDARIA-2021-223x300.jpg\" alt=\"\" width=\"314\" height=\"422\" srcset=\"https:\/\/agora.xtec.cat\/escolalavilapalamos\/wp-content\/uploads\/usu897\/2021\/11\/CARTELL-MERCAT-DE-LA-JOGUINA-SOLIDARIA-2021-223x300.jpg 223w, https:\/\/agora.xtec.cat\/escolalavilapalamos\/wp-content\/uploads\/usu897\/2021\/11\/CARTELL-MERCAT-DE-LA-JOGUINA-SOLIDARIA-2021-763x1024.jpg 763w, https:\/\/agora.xtec.cat\/escolalavilapalamos\/wp-content\/uploads\/usu897\/2021\/11\/CARTELL-MERCAT-DE-LA-JOGUINA-SOLIDARIA-2021-768x1031.jpg 768w, https:\/\/agora.xtec.cat\/escolalavilapalamos\/wp-content\/uploads\/usu897\/2021\/11\/CARTELL-MERCAT-DE-LA-JOGUINA-SOLIDARIA-2021-1144x1536.jpg 1144w, https:\/\/agora.xtec.cat\/escolalavilapalamos\/wp-content\/uploads\/usu897\/2021\/11\/CARTELL-MERCAT-DE-LA-JOGUINA-SOLIDARIA-2021-1525x2048.jpg 1525w, https:\/\/agora.xtec.cat\/escolalavilapalamos\/wp-content\/uploads\/usu897\/2021\/11\/CARTELL-MERCAT-DE-LA-JOGUINA-SOLIDARIA-2021.jpg 1593w\" sizes=\"auto, (max-width: 314px) 100vw, 314px\" \/>La Taula Palam\u00f3s Solidari ha convidat a les escoles de Palam\u00f3s a participar en el projecte que dur\u00e0 a terme aquesta campanya de Nadal,<strong> el Mercat de la Joguina Solid\u00e0ria.<\/strong><\/p>\n<p>Tots tenim a casa joguines en bon estat i que els nostres fills i filles ja no utilitzen. Aquestes joguines poden tenir una nova vida en mans d\u2019altres infants sempre i quan estiguin en bon estat.<br \/>\nEs muntar\u00e0 un mercat solidari de jocs i joguines. Es contempla com un projecte de tres dimensions: per una banda, ens ajuda a educar als nostres infants fent-los ser conscients del valor de les coses, de les necessitats de la gent que tenim al nostre entorn i de la import\u00e0ncia de reutilitzar i reciclar; a m\u00e9s, d\u00f3na l\u2019oportunitat a moltes fam\u00edlies de poder oferir joguines als seus infants sense necessitat de fer front a grans despeses que suposaria comprar-les noves, i finalment, els diners aconseguits amb aquest mercat van destinats a un projecte de caire solidari escollit d\u2019entre totes les propostes que han arribat a la Taula Palam\u00f3s Solidari. En aquesta edici\u00f3, <strong>els beneficis aniran destinats a la <a href=\"http:\/\/tiritaclown.cat\/index.php\/qui-som\/\">Associaci\u00f3 Tirita Clown<\/a>, que vetlla per mantenir els somriures dels infants durant les seves estades hospital\u00e0ries.<img loading=\"lazy\" decoding=\"async\" class=\"wp-image-10507 alignright\" src=\"https:\/\/agora.xtec.cat\/escolalavilapalamos\/wp-content\/uploads\/usu897\/2021\/11\/cropped-LogoTirita-Trans.png\" alt=\"\" width=\"160\" height=\"160\" srcset=\"https:\/\/agora.xtec.cat\/escolalavilapalamos\/wp-content\/uploads\/usu897\/2021\/11\/cropped-LogoTirita-Trans.png 240w, https:\/\/agora.xtec.cat\/escolalavilapalamos\/wp-content\/uploads\/usu897\/2021\/11\/cropped-LogoTirita-Trans-150x150.png 150w\" sizes=\"auto, (max-width: 160px) 100vw, 160px\" \/><\/strong><\/p>\n<p>La recollida de joguines es far\u00e0 a les hores d\u2019entrada a classe, d<strong>el 18 fins el proper 29 de novembre.<\/strong> Cal que les joguines estiguin revisades i en bon estat. Caldr\u00e0 deixar les joguines sota l&#8217;escala davant del lavabo de les nenes (de baix) o a l&#8217;entrada d&#8217;infantil\u00a0 (sota l&#8217;escala).<\/p>\n<p>El mercat solidari de joguines ser\u00e0<strong> els dissabtes 11 i 18 de desembre a la Pla\u00e7a dels arbres<\/strong> durant tot el dia, de 10 a 20 h. En cas de mal temps el mercat es trobar\u00e0 situat al local situat al carrer Santa Marta, 6.\u00a0 Esperem que trobeu aquest projecte interessant i engrescador i vulgueu col\u00b7laborar-hi un any m\u00e9s.<\/p>\n<p>Gr\u00e0cies per la vostra atenci\u00f3 i col\u00b7laboraci\u00f3.<\/p>\n<p>Descarrega&#8217;t la circular del <a href=\"https:\/\/drive.google.com\/file\/d\/1l9MjxPMm-FbC17M6nSTDCERh-Qy6NK_j\/view?usp=sharing\">Mercat de Joguina solid\u00e0ria<\/a>.<\/p>\n","protected":false},"excerpt":{"rendered":"<p>La Taula Palam\u00f3s Solidari ha convidat a les escoles de Palam\u00f3s a participar en el projecte que dur\u00e0 a terme aquesta campanya de Nadal, el Mercat de la Joguina Solid\u00e0ria.<br \/>\nTots tenim a casa joguines en bon estat i que els nostres fills i filles ja&hellip;  <a href=\"https:\/\/agora.xtec.cat\/escolalavilapalamos\/general\/mercat-de-la-joguina-solidaria\/\" title=\"Read Mercat de la joguina solid\u00e0ria\">Llegeix m\u00e9s\u00bb<\/a><\/p>\n","protected":false},"author":1,"featured_media":10506,"comment_status":"open","ping_status":"closed","sticky":false,"template":"","format":"standard","meta":{"_bbp_topic_count":0,"_bbp_reply_count":0,"_bbp_total_topic_count":0,"_bbp_total_reply_count":0,"_bbp_voice_count":0,"_bbp_anonymous_reply_count":0,"_bbp_topic_count_hidden":0,"_bbp_reply_count_hidden":0,"_bbp_forum_subforum_count":0,"footnotes":""},"categories":[1,4],"tags":[],"class_list":["post-10505","post","type-post","status-publish","format-standard","has-post-thumbnail","hentry","category-general","category-portada"],"post_mailing_queue_ids":[],"_links":{"self":[{"href":"https:\/\/agora.xtec.cat\/escolalavilapalamos\/wp-json\/wp\/v2\/posts\/10505","targetHints":{"allow":["GET"]}}],"collection":[{"href":"https:\/\/agora.xtec.cat\/escolalavilapalamos\/wp-json\/wp\/v2\/posts"}],"about":[{"href":"https:\/\/agora.xtec.cat\/escolalavilapalamos\/wp-json\/wp\/v2\/types\/post"}],"author":[{"embeddable":true,"href":"https:\/\/agora.xtec.cat\/escolalavilapalamos\/wp-json\/wp\/v2\/users\/1"}],"replies":[{"embeddable":true,"href":"https:\/\/agora.xtec.cat\/escolalavilapalamos\/wp-json\/wp\/v2\/comments?post=10505"}],"version-history":[{"count":3,"href":"https:\/\/agora.xtec.cat\/escolalavilapalamos\/wp-json\/wp\/v2\/posts\/10505\/revisions"}],"predecessor-version":[{"id":10510,"href":"https:\/\/agora.xtec.cat\/escolalavilapalamos\/wp-json\/wp\/v2\/posts\/10505\/revisions\/10510"}],"wp:featuredmedia":[{"embeddable":true,"href":"https:\/\/agora.xtec.cat\/escolalavilapalamos\/wp-json\/wp\/v2\/media\/10506"}],"wp:attachment":[{"href":"https:\/\/agora.xtec.cat\/escolalavilapalamos\/wp-json\/wp\/v2\/media?parent=10505"}],"wp:term":[{"taxonomy":"category","embeddable":true,"href":"https:\/\/agora.xtec.cat\/escolalavilapalamos\/wp-json\/wp\/v2\/categories?post=10505"},{"taxonomy":"post_tag","embeddable":true,"href":"https:\/\/agora.xtec.cat\/escolalavilapalamos\/wp-json\/wp\/v2\/tags?post=10505"}],"curies":[{"name":"wp","href":"https:\/\/api.w.org\/{rel}","templated":true}]}}