{"id":10470,"date":"2021-11-18T09:31:32","date_gmt":"2021-11-18T08:31:32","guid":{"rendered":"https:\/\/agora.xtec.cat\/escolalavilapalamos\/?p=10470"},"modified":"2021-11-18T17:20:00","modified_gmt":"2021-11-18T16:20:00","slug":"sortida-a-cardona-dels-alumnes-de-6e","status":"publish","type":"post","link":"https:\/\/agora.xtec.cat\/escolalavilapalamos\/general\/sortida-a-cardona-dels-alumnes-de-6e\/","title":{"rendered":"Sortida a Cardona dels alumnes de 6\u00e8"},"content":{"rendered":"<p><span style=\"font-weight: 400;\">El passat divendres 5 de novembre els alumnes de 6\u00e8 vam visitar les mines de sal de Cardona <\/span><span style=\"font-weight: 400;\">Primer de tot vam fer uns tallers d\u2019experiments relacionats amb la sal. Vam observar les diferents <\/span><span style=\"font-weight: 400;\">propietats dels minerals: duresa, gust, tacte, densitat\u2026 Despr\u00e9s v\u00e0rem entrar a les mines de sal <\/span><span style=\"font-weight: 400;\">per con\u00e8ixer m\u00e9s sobre els canvis geol\u00f2gics de la mina, la seva hist\u00f2ria i tamb\u00e9 vam descobrir\u00a0<\/span><span style=\"font-weight: 400;\">les estalactites i estalagmites..\u00a0<\/span><\/p>\n<p><span style=\"font-weight: 400;\">Fam\u00edlies \u00e9s una sortida molt recomanable per gaudir plegats. Va quedar pendent la visita al castell, <\/span><span style=\"font-weight: 400;\">animeu-vos!<\/span><\/p>\n<p>Clica la <a href=\"https:\/\/photos.app.goo.gl\/DzS2anac96nP9vcG7\">imatge<\/a> per veure el recull de fotografies de la sortida.<\/p>\n<p><a href=\"https:\/\/photos.app.goo.gl\/DzS2anac96nP9vcG7\"><img loading=\"lazy\" decoding=\"async\" class=\"wp-image-10497 alignleft\" src=\"https:\/\/agora.xtec.cat\/escolalavilapalamos\/wp-content\/uploads\/usu897\/2021\/11\/IMG_7058-1024x768.jpg\" alt=\"\" width=\"469\" height=\"352\" srcset=\"https:\/\/agora.xtec.cat\/escolalavilapalamos\/wp-content\/uploads\/usu897\/2021\/11\/IMG_7058-1024x768.jpg 1024w, https:\/\/agora.xtec.cat\/escolalavilapalamos\/wp-content\/uploads\/usu897\/2021\/11\/IMG_7058-300x225.jpg 300w, https:\/\/agora.xtec.cat\/escolalavilapalamos\/wp-content\/uploads\/usu897\/2021\/11\/IMG_7058-768x576.jpg 768w, https:\/\/agora.xtec.cat\/escolalavilapalamos\/wp-content\/uploads\/usu897\/2021\/11\/IMG_7058-1536x1152.jpg 1536w, https:\/\/agora.xtec.cat\/escolalavilapalamos\/wp-content\/uploads\/usu897\/2021\/11\/IMG_7058-2048x1536.jpg 2048w, https:\/\/agora.xtec.cat\/escolalavilapalamos\/wp-content\/uploads\/usu897\/2021\/11\/IMG_7058-200x150.jpg 200w\" sizes=\"auto, (max-width: 469px) 100vw, 469px\" \/><\/a><\/p>\n<p>&nbsp;<\/p>\n","protected":false},"excerpt":{"rendered":"<p>El passat divendres 5 de novembre els alumnes de 6\u00e8 vam visitar les mines de sal de Cardona Primer de tot vam fer uns tallers d\u2019experiments relacionats amb la sal. Vam observar les diferents propietats dels minerals: duresa, gust, tacte, densitat\u2026 Despr\u00e9s v\u00e0rem entrar a&hellip;  <a href=\"https:\/\/agora.xtec.cat\/escolalavilapalamos\/general\/sortida-a-cardona-dels-alumnes-de-6e\/\" title=\"Read Sortida a Cardona dels alumnes de 6\u00e8\">Llegeix m\u00e9s\u00bb<\/a><\/p>\n","protected":false},"author":132,"featured_media":10497,"comment_status":"open","ping_status":"closed","sticky":false,"template":"","format":"standard","meta":{"_bbp_topic_count":0,"_bbp_reply_count":0,"_bbp_total_topic_count":0,"_bbp_total_reply_count":0,"_bbp_voice_count":0,"_bbp_anonymous_reply_count":0,"_bbp_topic_count_hidden":0,"_bbp_reply_count_hidden":0,"_bbp_forum_subforum_count":0,"footnotes":""},"categories":[15,128,139,1,138,4,5],"tags":[],"class_list":["post-10470","post","type-post","status-publish","format-standard","has-post-thumbnail","hentry","category-6e","category-comunitat-de-grans","category-escrivim-noticies-a-la-web","category-general","category-notices-a-la-web","category-portada","category-primaria"],"post_mailing_queue_ids":[],"_links":{"self":[{"href":"https:\/\/agora.xtec.cat\/escolalavilapalamos\/wp-json\/wp\/v2\/posts\/10470","targetHints":{"allow":["GET"]}}],"collection":[{"href":"https:\/\/agora.xtec.cat\/escolalavilapalamos\/wp-json\/wp\/v2\/posts"}],"about":[{"href":"https:\/\/agora.xtec.cat\/escolalavilapalamos\/wp-json\/wp\/v2\/types\/post"}],"author":[{"embeddable":true,"href":"https:\/\/agora.xtec.cat\/escolalavilapalamos\/wp-json\/wp\/v2\/users\/132"}],"replies":[{"embeddable":true,"href":"https:\/\/agora.xtec.cat\/escolalavilapalamos\/wp-json\/wp\/v2\/comments?post=10470"}],"version-history":[{"count":3,"href":"https:\/\/agora.xtec.cat\/escolalavilapalamos\/wp-json\/wp\/v2\/posts\/10470\/revisions"}],"predecessor-version":[{"id":10500,"href":"https:\/\/agora.xtec.cat\/escolalavilapalamos\/wp-json\/wp\/v2\/posts\/10470\/revisions\/10500"}],"wp:featuredmedia":[{"embeddable":true,"href":"https:\/\/agora.xtec.cat\/escolalavilapalamos\/wp-json\/wp\/v2\/media\/10497"}],"wp:attachment":[{"href":"https:\/\/agora.xtec.cat\/escolalavilapalamos\/wp-json\/wp\/v2\/media?parent=10470"}],"wp:term":[{"taxonomy":"category","embeddable":true,"href":"https:\/\/agora.xtec.cat\/escolalavilapalamos\/wp-json\/wp\/v2\/categories?post=10470"},{"taxonomy":"post_tag","embeddable":true,"href":"https:\/\/agora.xtec.cat\/escolalavilapalamos\/wp-json\/wp\/v2\/tags?post=10470"}],"curies":[{"name":"wp","href":"https:\/\/api.w.org\/{rel}","templated":true}]}}