{"id":10461,"date":"2021-11-16T11:40:35","date_gmt":"2021-11-16T10:40:35","guid":{"rendered":"https:\/\/agora.xtec.cat\/escolalavilapalamos\/?p=10461"},"modified":"2021-11-18T09:36:43","modified_gmt":"2021-11-18T08:36:43","slug":"projecte-de-palamos-a-p5","status":"publish","type":"post","link":"https:\/\/agora.xtec.cat\/escolalavilapalamos\/general\/projecte-de-palamos-a-p5\/","title":{"rendered":"Projecte de Palam\u00f3s a P5"},"content":{"rendered":"<p style=\"text-align: justify;\">Els nens i nenes de P5 vam trobar a la rotllana de la nostra classe un bagul! Qu\u00e8 emocionant! Ser\u00e0 un tresor? Pot ser ens la deixat el pirata Barba roja?<\/p>\n<p style=\"text-align: justify;\">Quina sorpresa! A l&#8217;obrir el bagul, bagulet hem vist uns objectes,\u00a0 que hem anat traient un a un entre tots! Hem descobert que dins hi <span style=\"font-family: inherit; font-size: 1em;\">havia un far, un vaixell,\u00a0 taps de suro, un pot amb sorra, una foto de l&#8217;Ajuntament de Palam\u00f3s, una nota musical, i una xarxa.\u00a0<\/span><\/p>\n<p style=\"text-align: justify;\">Seguidament ens hem fet un munt de preguntes, com qu\u00e8 significaven tots aquells objectes, d&#8217;on sortien, si els coneix\u00edem, etc&#8230; Finalment hem arribat a la conclusi\u00f3\u00a0 que\u00a0 totes aquells elements del bagul estan relacionats amb el poble on vivim: Palam\u00f3s. Per aix\u00f2 <strong>hem decidit investigar, explorar i fer un projecte sobre el poble de Palam\u00f3s.<\/strong><\/p>\n<p style=\"text-align: justify;\">Per tal de fer-ho hem creat grups de treball. Cada nen i nena ha escollit a l&#8217;atzar una imatge representativa d&#8217;algun dels objectes del bagul que estaven dins d&#8217;un recipient. Tots<span style=\"font-family: inherit; font-size: 1em;\"> els nens\/es que tenen la mateixa imatge hauran de treballar conjuntament aquell edifici, paratge\u2026 de Palam\u00f3s. Els grups que han sortit s\u00f3n: Els Ports, Les Platges, El Far, Els Oficis, Les Llegendes i la M\u00fasica, i Ajuntament.<\/span><\/p>\n<p>Vinga! Preparats! A investigar!<\/p>\n<p><a href=\"https:\/\/photos.app.goo.gl\/Y77jxCS7YVWBQtXp7\"><img loading=\"lazy\" decoding=\"async\" class=\"aligncenter wp-image-10463 size-large\" src=\"https:\/\/agora.xtec.cat\/escolalavilapalamos\/wp-content\/uploads\/usu897\/2021\/11\/DSC01847-min-scaled-e1637015680821-1024x821.jpg\" alt=\"\" width=\"1024\" height=\"821\" srcset=\"https:\/\/agora.xtec.cat\/escolalavilapalamos\/wp-content\/uploads\/usu897\/2021\/11\/DSC01847-min-scaled-e1637015680821-1024x821.jpg 1024w, https:\/\/agora.xtec.cat\/escolalavilapalamos\/wp-content\/uploads\/usu897\/2021\/11\/DSC01847-min-scaled-e1637015680821-300x241.jpg 300w, https:\/\/agora.xtec.cat\/escolalavilapalamos\/wp-content\/uploads\/usu897\/2021\/11\/DSC01847-min-scaled-e1637015680821-768x616.jpg 768w, https:\/\/agora.xtec.cat\/escolalavilapalamos\/wp-content\/uploads\/usu897\/2021\/11\/DSC01847-min-scaled-e1637015680821-1536x1232.jpg 1536w, https:\/\/agora.xtec.cat\/escolalavilapalamos\/wp-content\/uploads\/usu897\/2021\/11\/DSC01847-min-scaled-e1637015680821.jpg 1843w\" sizes=\"auto, (max-width: 1024px) 100vw, 1024px\" \/><\/a><\/p>\n","protected":false},"excerpt":{"rendered":"<p>Els nens i nenes de P5 vam trobar a la rotllana de la nostra classe un bagul! Qu\u00e8 emocionant! Ser\u00e0 un tresor? Pot ser ens la deixat el pirata Barba roja?<br \/>\nQuina sorpresa! A l&#8217;obrir el bagul, bagulet hem vist uns objectes,\u00a0 que hem anat traient&hellip;  <a href=\"https:\/\/agora.xtec.cat\/escolalavilapalamos\/general\/projecte-de-palamos-a-p5\/\" title=\"Read Projecte de Palam\u00f3s a P5\">Llegeix m\u00e9s\u00bb<\/a><\/p>\n","protected":false},"author":128,"featured_media":10463,"comment_status":"open","ping_status":"closed","sticky":false,"template":"","format":"standard","meta":{"_bbp_topic_count":0,"_bbp_reply_count":0,"_bbp_total_topic_count":0,"_bbp_total_reply_count":0,"_bbp_voice_count":0,"_bbp_anonymous_reply_count":0,"_bbp_topic_count_hidden":0,"_bbp_reply_count_hidden":0,"_bbp_forum_subforum_count":0,"footnotes":""},"categories":[2,1,4],"tags":[],"class_list":["post-10461","post","type-post","status-publish","format-standard","has-post-thumbnail","hentry","category-infantil","category-general","category-portada"],"post_mailing_queue_ids":[],"_links":{"self":[{"href":"https:\/\/agora.xtec.cat\/escolalavilapalamos\/wp-json\/wp\/v2\/posts\/10461","targetHints":{"allow":["GET"]}}],"collection":[{"href":"https:\/\/agora.xtec.cat\/escolalavilapalamos\/wp-json\/wp\/v2\/posts"}],"about":[{"href":"https:\/\/agora.xtec.cat\/escolalavilapalamos\/wp-json\/wp\/v2\/types\/post"}],"author":[{"embeddable":true,"href":"https:\/\/agora.xtec.cat\/escolalavilapalamos\/wp-json\/wp\/v2\/users\/128"}],"replies":[{"embeddable":true,"href":"https:\/\/agora.xtec.cat\/escolalavilapalamos\/wp-json\/wp\/v2\/comments?post=10461"}],"version-history":[{"count":3,"href":"https:\/\/agora.xtec.cat\/escolalavilapalamos\/wp-json\/wp\/v2\/posts\/10461\/revisions"}],"predecessor-version":[{"id":10469,"href":"https:\/\/agora.xtec.cat\/escolalavilapalamos\/wp-json\/wp\/v2\/posts\/10461\/revisions\/10469"}],"wp:featuredmedia":[{"embeddable":true,"href":"https:\/\/agora.xtec.cat\/escolalavilapalamos\/wp-json\/wp\/v2\/media\/10463"}],"wp:attachment":[{"href":"https:\/\/agora.xtec.cat\/escolalavilapalamos\/wp-json\/wp\/v2\/media?parent=10461"}],"wp:term":[{"taxonomy":"category","embeddable":true,"href":"https:\/\/agora.xtec.cat\/escolalavilapalamos\/wp-json\/wp\/v2\/categories?post=10461"},{"taxonomy":"post_tag","embeddable":true,"href":"https:\/\/agora.xtec.cat\/escolalavilapalamos\/wp-json\/wp\/v2\/tags?post=10461"}],"curies":[{"name":"wp","href":"https:\/\/api.w.org\/{rel}","templated":true}]}}