{"id":10456,"date":"2021-11-15T15:19:48","date_gmt":"2021-11-15T14:19:48","guid":{"rendered":"https:\/\/agora.xtec.cat\/escolalavilapalamos\/?p=10456"},"modified":"2021-11-17T10:03:57","modified_gmt":"2021-11-17T09:03:57","slug":"pirates-a-palamos-3","status":"publish","type":"post","link":"https:\/\/agora.xtec.cat\/escolalavilapalamos\/general\/pirates-a-palamos-3\/","title":{"rendered":"Pirates a Palam\u00f3s"},"content":{"rendered":"<p><a href=\"https:\/\/agora.xtec.cat\/escolalavilapalamos\/wp-content\/uploads\/usu897\/2021\/11\/Pirates.jpg\"><img loading=\"lazy\" decoding=\"async\" class=\"alignleft size-medium wp-image-10459\" src=\"https:\/\/agora.xtec.cat\/escolalavilapalamos\/wp-content\/uploads\/usu897\/2021\/11\/Pirates-300x237.jpg\" alt=\"\" width=\"300\" height=\"237\" srcset=\"https:\/\/agora.xtec.cat\/escolalavilapalamos\/wp-content\/uploads\/usu897\/2021\/11\/Pirates-300x237.jpg 300w, https:\/\/agora.xtec.cat\/escolalavilapalamos\/wp-content\/uploads\/usu897\/2021\/11\/Pirates.jpg 682w\" sizes=\"auto, (max-width: 300px) 100vw, 300px\" \/><\/a>El <strong>dimecres 17 de novembre<\/strong> els\/les alumnes de <strong>3r participen a l\u00b4activitat PIRATES A PALAMOS!<\/strong> es tracta d\u00b4una visita guiada pel nucli antic de la vila tot seguint els passos de l\u00b4esquadra del corsari barba-rossa. Es una proposta del museu\u00a0 de la pesca que cada any ens ajuda a entendre la relaci\u00f3 de Palam\u00f3s amb el temible corsari.<\/p>\n<p class=\"CDt4Ke zfr3Q\" dir=\"ltr\">Palam\u00f3s, com a vila portu\u00e0ria, ha patit des dels seus or\u00edgens atacs constants per mar. La pirateria \u00e9s una pr\u00e0ctica habitual a la Mediterr\u00e0nia des de l\u2019antiguitat i Palam\u00f3s no se n\u2019ha lliurat pas. Potser el fet m\u00e9s fam\u00f3s \u00e9s l\u2019atac de l\u2019estol de Barba-roja el 1543. Per\u00f2 no nom\u00e9s atacaven a les viles, els raptes, els pagament de rescats i convertir als presos en esclaus van ser continus durant molts segles.<\/p>\n<p class=\"CDt4Ke zfr3Q\" dir=\"ltr\">Explicar primer qui eren i qu\u00e8 feien els pirates i despr\u00e9s com una vila com Palam\u00f3s es podia defensar quan venien, \u00e9s un dels principals objectius de l\u2019activitat. Tamb\u00e9 explicarem que Palam\u00f3s en un moment determinat va tenir palamosins que esdevingueren famosos corsaris.<\/p>\n<p class=\"CDt4Ke zfr3Q\" dir=\"ltr\">A trav\u00e9s d\u2019un recorregut pel nucli antic de la vila, intentarem amb la visualitzaci\u00f3 del nostre entorn, imatges, objectes i activitats apropar la realitat de la pirateria als alumnes des del punt de vista dels pirates i corsaris i tamb\u00e9 dels habitants de la vila que en patien les conseq\u00fc\u00e8ncies directes com a v\u00edctimes. Llocs\/espais per on transcorre la Ruta: la pla\u00e7a Murada, la pla\u00e7a e l&#8217;Esgl\u00e9sia, la pla\u00e7a del forn, el carrer del can\u00f3, la planassa, les escales del perill, la pla\u00e7a de la Vila i el parc del convent dels Agustins.<\/p>\n","protected":false},"excerpt":{"rendered":"<p><a href=\"https:\/\/agora.xtec.cat\/escolalavilapalamos\/wp-content\/uploads\/usu897\/2021\/11\/Pirates.jpg\"><\/a>El dimecres 17 de novembre els\/les alumnes de 3r participen a l\u00b4activitat PIRATES A PALAMOS! es tracta d\u00b4una visita guiada pel nucli antic de la vila tot seguint els passos de l\u00b4esquadra del corsari barba-rossa. Es una proposta del museu\u00a0 de la pesca que&hellip;  <a href=\"https:\/\/agora.xtec.cat\/escolalavilapalamos\/general\/pirates-a-palamos-3\/\" title=\"Read Pirates a Palam\u00f3s\">Llegeix m\u00e9s\u00bb<\/a><\/p>\n","protected":false},"author":1,"featured_media":10459,"comment_status":"open","ping_status":"closed","sticky":false,"template":"","format":"standard","meta":{"_bbp_topic_count":0,"_bbp_reply_count":0,"_bbp_total_topic_count":0,"_bbp_total_reply_count":0,"_bbp_voice_count":0,"_bbp_anonymous_reply_count":0,"_bbp_topic_count_hidden":0,"_bbp_reply_count_hidden":0,"_bbp_forum_subforum_count":0,"footnotes":""},"categories":[127,1,4],"tags":[],"class_list":["post-10456","post","type-post","status-publish","format-standard","has-post-thumbnail","hentry","category-comunitat-de-mitjans","category-general","category-portada"],"post_mailing_queue_ids":[],"_links":{"self":[{"href":"https:\/\/agora.xtec.cat\/escolalavilapalamos\/wp-json\/wp\/v2\/posts\/10456","targetHints":{"allow":["GET"]}}],"collection":[{"href":"https:\/\/agora.xtec.cat\/escolalavilapalamos\/wp-json\/wp\/v2\/posts"}],"about":[{"href":"https:\/\/agora.xtec.cat\/escolalavilapalamos\/wp-json\/wp\/v2\/types\/post"}],"author":[{"embeddable":true,"href":"https:\/\/agora.xtec.cat\/escolalavilapalamos\/wp-json\/wp\/v2\/users\/1"}],"replies":[{"embeddable":true,"href":"https:\/\/agora.xtec.cat\/escolalavilapalamos\/wp-json\/wp\/v2\/comments?post=10456"}],"version-history":[{"count":2,"href":"https:\/\/agora.xtec.cat\/escolalavilapalamos\/wp-json\/wp\/v2\/posts\/10456\/revisions"}],"predecessor-version":[{"id":10460,"href":"https:\/\/agora.xtec.cat\/escolalavilapalamos\/wp-json\/wp\/v2\/posts\/10456\/revisions\/10460"}],"wp:featuredmedia":[{"embeddable":true,"href":"https:\/\/agora.xtec.cat\/escolalavilapalamos\/wp-json\/wp\/v2\/media\/10459"}],"wp:attachment":[{"href":"https:\/\/agora.xtec.cat\/escolalavilapalamos\/wp-json\/wp\/v2\/media?parent=10456"}],"wp:term":[{"taxonomy":"category","embeddable":true,"href":"https:\/\/agora.xtec.cat\/escolalavilapalamos\/wp-json\/wp\/v2\/categories?post=10456"},{"taxonomy":"post_tag","embeddable":true,"href":"https:\/\/agora.xtec.cat\/escolalavilapalamos\/wp-json\/wp\/v2\/tags?post=10456"}],"curies":[{"name":"wp","href":"https:\/\/api.w.org\/{rel}","templated":true}]}}