{"id":10419,"date":"2021-11-14T21:53:28","date_gmt":"2021-11-14T20:53:28","guid":{"rendered":"https:\/\/agora.xtec.cat\/escolalavilapalamos\/?p=10419"},"modified":"2021-11-14T21:53:28","modified_gmt":"2021-11-14T20:53:28","slug":"treball-cooperatiu-a-5e","status":"publish","type":"post","link":"https:\/\/agora.xtec.cat\/escolalavilapalamos\/general\/treball-cooperatiu-a-5e\/","title":{"rendered":"Treball cooperatiu a 5\u00e8"},"content":{"rendered":"<p style=\"text-align: left;\">A 5\u00e8 hem introdu\u00eft<strong> t\u00e8cniques de treball cooperatiu<\/strong> per poder millorar el nostre treball en equip.<\/p>\n<p style=\"text-align: left;\">Aqu\u00ed us deixem un v\u00eddeo amb fotografies de l&#8217;estona de treball globalitzat mentre entren\u00e0vem aquestes t\u00e8cniques tot descobrint les funcions vitals dels \u00e9ssers vius.<\/p>\n<p><iframe loading=\"lazy\" src=\"\/\/www.youtube.com\/embed\/w0RDGBFkzhs\" width=\"560\" height=\"314\" allowfullscreen=\"allowfullscreen\"><\/iframe><\/p>\n<p>&nbsp;<\/p>\n","protected":false},"excerpt":{"rendered":"<p>A 5\u00e8 hem introdu\u00eft t\u00e8cniques de treball cooperatiu per poder millorar el nostre treball en equip.<br \/>\nAqu\u00ed us deixem un v\u00eddeo amb fotografies de l&#8217;estona de treball globalitzat mentre entren\u00e0vem aquestes t\u00e8cniques tot descobrint les funcions vitals dels \u00e9ssers vius.<\/p>\n<p>&nbsp;<\/p>\n","protected":false},"author":132,"featured_media":10445,"comment_status":"open","ping_status":"closed","sticky":false,"template":"","format":"standard","meta":{"_bbp_topic_count":0,"_bbp_reply_count":0,"_bbp_total_topic_count":0,"_bbp_total_reply_count":0,"_bbp_voice_count":0,"_bbp_anonymous_reply_count":0,"_bbp_topic_count_hidden":0,"_bbp_reply_count_hidden":0,"_bbp_forum_subforum_count":0,"footnotes":""},"categories":[128,1,4],"tags":[],"class_list":["post-10419","post","type-post","status-publish","format-standard","has-post-thumbnail","hentry","category-comunitat-de-grans","category-general","category-portada"],"post_mailing_queue_ids":[],"_links":{"self":[{"href":"https:\/\/agora.xtec.cat\/escolalavilapalamos\/wp-json\/wp\/v2\/posts\/10419","targetHints":{"allow":["GET"]}}],"collection":[{"href":"https:\/\/agora.xtec.cat\/escolalavilapalamos\/wp-json\/wp\/v2\/posts"}],"about":[{"href":"https:\/\/agora.xtec.cat\/escolalavilapalamos\/wp-json\/wp\/v2\/types\/post"}],"author":[{"embeddable":true,"href":"https:\/\/agora.xtec.cat\/escolalavilapalamos\/wp-json\/wp\/v2\/users\/132"}],"replies":[{"embeddable":true,"href":"https:\/\/agora.xtec.cat\/escolalavilapalamos\/wp-json\/wp\/v2\/comments?post=10419"}],"version-history":[{"count":3,"href":"https:\/\/agora.xtec.cat\/escolalavilapalamos\/wp-json\/wp\/v2\/posts\/10419\/revisions"}],"predecessor-version":[{"id":10446,"href":"https:\/\/agora.xtec.cat\/escolalavilapalamos\/wp-json\/wp\/v2\/posts\/10419\/revisions\/10446"}],"wp:featuredmedia":[{"embeddable":true,"href":"https:\/\/agora.xtec.cat\/escolalavilapalamos\/wp-json\/wp\/v2\/media\/10445"}],"wp:attachment":[{"href":"https:\/\/agora.xtec.cat\/escolalavilapalamos\/wp-json\/wp\/v2\/media?parent=10419"}],"wp:term":[{"taxonomy":"category","embeddable":true,"href":"https:\/\/agora.xtec.cat\/escolalavilapalamos\/wp-json\/wp\/v2\/categories?post=10419"},{"taxonomy":"post_tag","embeddable":true,"href":"https:\/\/agora.xtec.cat\/escolalavilapalamos\/wp-json\/wp\/v2\/tags?post=10419"}],"curies":[{"name":"wp","href":"https:\/\/api.w.org\/{rel}","templated":true}]}}