{"id":10410,"date":"2021-10-30T18:39:21","date_gmt":"2021-10-30T16:39:21","guid":{"rendered":"https:\/\/agora.xtec.cat\/escolalavilapalamos\/?p=10410"},"modified":"2021-11-12T18:54:39","modified_gmt":"2021-11-12T17:54:39","slug":"castanyada-2021","status":"publish","type":"post","link":"https:\/\/agora.xtec.cat\/escolalavilapalamos\/general\/castanyada-2021\/","title":{"rendered":"Castanyada 2021 a l&#8217;escola"},"content":{"rendered":"<p><strong>El divendres 29 d&#8217;octubre vam poder celebrar la Castanyada a l&#8217;escola.<\/strong><\/p>\n<p>Durant el mat\u00ed les castanyeres i castanyers van visitar la comunitat de petits i vam poder fer un munt d&#8217;activitats. Els nois i noies de 6\u00e8 van preparar una gimcana xul\u00edssima pels companys i companyes de prim\u00e0ria. A la tarda vam menjar castanyes calentones i amb les fam\u00edlies vam compartir una estona de tallers que algunes mames volunt\u00e0ries ens havien preparat. Va ser un dia fant\u00e0stic!<\/p>\n<p style=\"text-align: center;\">Us deixem l&#8217;enlla\u00e7 a les fotos de cada comunitat . <em>Podeu clicar la fotografia per veure les fotos\u00a0<\/em><\/p>\n<p>\u00a0\u00a0\u00a0\u00a0\u00a0\u00a0\u00a0\u00a0\u00a0\u00a0 Comunitat de petits\u00a0\u00a0\u00a0\u00a0\u00a0\u00a0\u00a0\u00a0\u00a0\u00a0\u00a0\u00a0\u00a0\u00a0\u00a0\u00a0\u00a0\u00a0\u00a0\u00a0\u00a0 Comunitat de grans\u00a0\u00a0\u00a0\u00a0\u00a0\u00a0\u00a0\u00a0\u00a0\u00a0\u00a0\u00a0\u00a0\u00a0\u00a0\u00a0\u00a0\u00a0 \u00a0 \u00a0 \u00a0 \u00a0 \u00a0\u00a0 \u00a0\u00a0\u00a0 Comunitat de mitjans<\/p>\n<p><a href=\"https:\/\/photos.app.goo.gl\/goRM6gyWo4T2Rukf6\"><img loading=\"lazy\" decoding=\"async\" class=\"alignleft wp-image-10411\" src=\"https:\/\/agora.xtec.cat\/escolalavilapalamos\/wp-content\/uploads\/usu897\/2021\/11\/castanyada-petits-300x211.jpg\" alt=\"\" width=\"237\" height=\"167\" srcset=\"https:\/\/agora.xtec.cat\/escolalavilapalamos\/wp-content\/uploads\/usu897\/2021\/11\/castanyada-petits-300x211.jpg 300w, https:\/\/agora.xtec.cat\/escolalavilapalamos\/wp-content\/uploads\/usu897\/2021\/11\/castanyada-petits-1024x721.jpg 1024w, https:\/\/agora.xtec.cat\/escolalavilapalamos\/wp-content\/uploads\/usu897\/2021\/11\/castanyada-petits-768x541.jpg 768w, https:\/\/agora.xtec.cat\/escolalavilapalamos\/wp-content\/uploads\/usu897\/2021\/11\/castanyada-petits-1536x1082.jpg 1536w, https:\/\/agora.xtec.cat\/escolalavilapalamos\/wp-content\/uploads\/usu897\/2021\/11\/castanyada-petits.jpg 1600w\" sizes=\"auto, (max-width: 237px) 100vw, 237px\" \/><\/a> <a href=\"https:\/\/photos.app.goo.gl\/9zSbqq1pGZDXvmKH9\"><img loading=\"lazy\" decoding=\"async\" class=\"alignleft wp-image-10412\" src=\"https:\/\/agora.xtec.cat\/escolalavilapalamos\/wp-content\/uploads\/usu897\/2021\/11\/1636388805524-300x225.jpg\" alt=\"\" width=\"222\" height=\"167\" srcset=\"https:\/\/agora.xtec.cat\/escolalavilapalamos\/wp-content\/uploads\/usu897\/2021\/11\/1636388805524-300x225.jpg 300w, https:\/\/agora.xtec.cat\/escolalavilapalamos\/wp-content\/uploads\/usu897\/2021\/11\/1636388805524-1024x768.jpg 1024w, https:\/\/agora.xtec.cat\/escolalavilapalamos\/wp-content\/uploads\/usu897\/2021\/11\/1636388805524-768x576.jpg 768w, https:\/\/agora.xtec.cat\/escolalavilapalamos\/wp-content\/uploads\/usu897\/2021\/11\/1636388805524-1536x1152.jpg 1536w, https:\/\/agora.xtec.cat\/escolalavilapalamos\/wp-content\/uploads\/usu897\/2021\/11\/1636388805524-2048x1536.jpg 2048w, https:\/\/agora.xtec.cat\/escolalavilapalamos\/wp-content\/uploads\/usu897\/2021\/11\/1636388805524-200x150.jpg 200w\" sizes=\"auto, (max-width: 222px) 100vw, 222px\" \/><\/a> <a href=\"https:\/\/photos.app.goo.gl\/tTD2HfaPRffZzpDE6\"><img loading=\"lazy\" decoding=\"async\" class=\"alignleft wp-image-10413\" src=\"https:\/\/agora.xtec.cat\/escolalavilapalamos\/wp-content\/uploads\/usu897\/2021\/11\/IMG20211029113041-300x169.jpg\" alt=\"\" width=\"297\" height=\"167\" srcset=\"https:\/\/agora.xtec.cat\/escolalavilapalamos\/wp-content\/uploads\/usu897\/2021\/11\/IMG20211029113041-300x169.jpg 300w, https:\/\/agora.xtec.cat\/escolalavilapalamos\/wp-content\/uploads\/usu897\/2021\/11\/IMG20211029113041-1024x576.jpg 1024w, https:\/\/agora.xtec.cat\/escolalavilapalamos\/wp-content\/uploads\/usu897\/2021\/11\/IMG20211029113041-768x432.jpg 768w, https:\/\/agora.xtec.cat\/escolalavilapalamos\/wp-content\/uploads\/usu897\/2021\/11\/IMG20211029113041-1536x864.jpg 1536w, https:\/\/agora.xtec.cat\/escolalavilapalamos\/wp-content\/uploads\/usu897\/2021\/11\/IMG20211029113041.jpg 1698w\" sizes=\"auto, (max-width: 297px) 100vw, 297px\" \/><\/a><\/p>\n<p>&nbsp;<\/p>\n<p>&nbsp;<\/p>\n<p>&nbsp;<\/p>\n","protected":false},"excerpt":{"rendered":"<p>El divendres 29 d&#8217;octubre vam poder celebrar la Castanyada a l&#8217;escola.<br \/>\nDurant el mat\u00ed les castanyeres i castanyers van visitar la comunitat de petits i vam poder fer un munt d&#8217;activitats. Els nois i noies de 6\u00e8 van preparar una gimcana xul\u00edssima pels companys i companyes&hellip;  <a href=\"https:\/\/agora.xtec.cat\/escolalavilapalamos\/general\/castanyada-2021\/\" title=\"Read Castanyada 2021 a l&#8217;escola\">Llegeix m\u00e9s\u00bb<\/a><\/p>\n","protected":false},"author":1,"featured_media":10411,"comment_status":"open","ping_status":"closed","sticky":false,"template":"","format":"standard","meta":{"_bbp_topic_count":0,"_bbp_reply_count":0,"_bbp_total_topic_count":0,"_bbp_total_reply_count":0,"_bbp_voice_count":0,"_bbp_anonymous_reply_count":0,"_bbp_topic_count_hidden":0,"_bbp_reply_count_hidden":0,"_bbp_forum_subforum_count":0,"footnotes":""},"categories":[128,127,2,1,4],"tags":[],"class_list":["post-10410","post","type-post","status-publish","format-standard","has-post-thumbnail","hentry","category-comunitat-de-grans","category-comunitat-de-mitjans","category-infantil","category-general","category-portada"],"post_mailing_queue_ids":[],"_links":{"self":[{"href":"https:\/\/agora.xtec.cat\/escolalavilapalamos\/wp-json\/wp\/v2\/posts\/10410","targetHints":{"allow":["GET"]}}],"collection":[{"href":"https:\/\/agora.xtec.cat\/escolalavilapalamos\/wp-json\/wp\/v2\/posts"}],"about":[{"href":"https:\/\/agora.xtec.cat\/escolalavilapalamos\/wp-json\/wp\/v2\/types\/post"}],"author":[{"embeddable":true,"href":"https:\/\/agora.xtec.cat\/escolalavilapalamos\/wp-json\/wp\/v2\/users\/1"}],"replies":[{"embeddable":true,"href":"https:\/\/agora.xtec.cat\/escolalavilapalamos\/wp-json\/wp\/v2\/comments?post=10410"}],"version-history":[{"count":4,"href":"https:\/\/agora.xtec.cat\/escolalavilapalamos\/wp-json\/wp\/v2\/posts\/10410\/revisions"}],"predecessor-version":[{"id":10432,"href":"https:\/\/agora.xtec.cat\/escolalavilapalamos\/wp-json\/wp\/v2\/posts\/10410\/revisions\/10432"}],"wp:featuredmedia":[{"embeddable":true,"href":"https:\/\/agora.xtec.cat\/escolalavilapalamos\/wp-json\/wp\/v2\/media\/10411"}],"wp:attachment":[{"href":"https:\/\/agora.xtec.cat\/escolalavilapalamos\/wp-json\/wp\/v2\/media?parent=10410"}],"wp:term":[{"taxonomy":"category","embeddable":true,"href":"https:\/\/agora.xtec.cat\/escolalavilapalamos\/wp-json\/wp\/v2\/categories?post=10410"},{"taxonomy":"post_tag","embeddable":true,"href":"https:\/\/agora.xtec.cat\/escolalavilapalamos\/wp-json\/wp\/v2\/tags?post=10410"}],"curies":[{"name":"wp","href":"https:\/\/api.w.org\/{rel}","templated":true}]}}