{"id":10408,"date":"2021-11-14T19:21:53","date_gmt":"2021-11-14T18:21:53","guid":{"rendered":"https:\/\/agora.xtec.cat\/escolalavilapalamos\/?p=10408"},"modified":"2021-11-15T10:32:49","modified_gmt":"2021-11-15T09:32:49","slug":"les-propostes-a-p4","status":"publish","type":"post","link":"https:\/\/agora.xtec.cat\/escolalavilapalamos\/general\/les-propostes-a-p4\/","title":{"rendered":"Les propostes a P4"},"content":{"rendered":"<p><a href=\"https:\/\/agora.xtec.cat\/escolalavilapalamos\/wp-content\/uploads\/usu897\/2021\/11\/20211112_122957.jpg\"><img loading=\"lazy\" decoding=\"async\" class=\"alignleft size-medium wp-image-10421\" src=\"https:\/\/agora.xtec.cat\/escolalavilapalamos\/wp-content\/uploads\/usu897\/2021\/11\/20211112_122957-287x300.jpg\" alt=\"\" width=\"287\" height=\"300\" srcset=\"https:\/\/agora.xtec.cat\/escolalavilapalamos\/wp-content\/uploads\/usu897\/2021\/11\/20211112_122957-287x300.jpg 287w, https:\/\/agora.xtec.cat\/escolalavilapalamos\/wp-content\/uploads\/usu897\/2021\/11\/20211112_122957-768x804.jpg 768w, https:\/\/agora.xtec.cat\/escolalavilapalamos\/wp-content\/uploads\/usu897\/2021\/11\/20211112_122957.jpg 922w\" sizes=\"auto, (max-width: 287px) 100vw, 287px\" \/><\/a>Les aules de P4 estan organitzades per espais: rotllana, biblioteca, taules i cadires, mirall i llum. Dins de cada un d&#8217;aquests espais,<strong> trobem diferents propostes que van canviant,<\/strong> aproximadament, cada 15 dies.<\/p>\n<p>Aquestes propostes les fem en diferents moments del dia. Tenim estones de propostes lliures i estones de propostes dirigides.\u00a0 Quan fem les propostes dirigides, fem servir un carnet que ens ajuda a con\u00e8ixer qu\u00e8 hem de fer i, tamb\u00e9, a organitzar-nos. Ens va b\u00e9 per situar en el temps all\u00f2 que hem fet i all\u00f2 que encara ens queda per fer. El carnet \u00e9s molt senzill i visual, ja que t\u00e9 imatges que ens ajuden a ubicar-nos relacionant cada foto amb un\/a espai\/proposta.<\/p>\n<p>D&#8217;aqu\u00ed a uns dies, els\/les nens\/es el portaran a casa per tal que les fam\u00edlies el veieu.<\/p>\n<p>A continuaci\u00f3, us deixem un recull de<a href=\"https:\/\/photos.app.goo.gl\/nLPH1Xdsk8Z8AcC36\"> fotos<\/a> per tal que ens veieu durant la realitzaci\u00f3 de les propostes, fent servir el carnet i desenvolupant diferents activitats.<\/p>\n<p>Esperem que us agradin!<\/p>\n","protected":false},"excerpt":{"rendered":"<p><a href=\"https:\/\/agora.xtec.cat\/escolalavilapalamos\/wp-content\/uploads\/usu897\/2021\/11\/20211112_122957.jpg\"><\/a>Les aules de P4 estan organitzades per espais: rotllana, biblioteca, taules i cadires, mirall i llum. Dins de cada un d&#8217;aquests espais, trobem diferents propostes que van canviant, aproximadament, cada 15 dies.<br \/>\nAquestes propostes les fem en diferents moments del dia. Tenim estones de propostes&hellip;  <a href=\"https:\/\/agora.xtec.cat\/escolalavilapalamos\/general\/les-propostes-a-p4\/\" title=\"Read Les propostes a P4\">Llegeix m\u00e9s\u00bb<\/a><\/p>\n","protected":false},"author":128,"featured_media":10421,"comment_status":"open","ping_status":"closed","sticky":false,"template":"","format":"standard","meta":{"_bbp_topic_count":0,"_bbp_reply_count":0,"_bbp_total_topic_count":0,"_bbp_total_reply_count":0,"_bbp_voice_count":0,"_bbp_anonymous_reply_count":0,"_bbp_topic_count_hidden":0,"_bbp_reply_count_hidden":0,"_bbp_forum_subforum_count":0,"footnotes":""},"categories":[2,1,4],"tags":[],"class_list":["post-10408","post","type-post","status-publish","format-standard","has-post-thumbnail","hentry","category-infantil","category-general","category-portada"],"post_mailing_queue_ids":[],"_links":{"self":[{"href":"https:\/\/agora.xtec.cat\/escolalavilapalamos\/wp-json\/wp\/v2\/posts\/10408","targetHints":{"allow":["GET"]}}],"collection":[{"href":"https:\/\/agora.xtec.cat\/escolalavilapalamos\/wp-json\/wp\/v2\/posts"}],"about":[{"href":"https:\/\/agora.xtec.cat\/escolalavilapalamos\/wp-json\/wp\/v2\/types\/post"}],"author":[{"embeddable":true,"href":"https:\/\/agora.xtec.cat\/escolalavilapalamos\/wp-json\/wp\/v2\/users\/128"}],"replies":[{"embeddable":true,"href":"https:\/\/agora.xtec.cat\/escolalavilapalamos\/wp-json\/wp\/v2\/comments?post=10408"}],"version-history":[{"count":3,"href":"https:\/\/agora.xtec.cat\/escolalavilapalamos\/wp-json\/wp\/v2\/posts\/10408\/revisions"}],"predecessor-version":[{"id":10439,"href":"https:\/\/agora.xtec.cat\/escolalavilapalamos\/wp-json\/wp\/v2\/posts\/10408\/revisions\/10439"}],"wp:featuredmedia":[{"embeddable":true,"href":"https:\/\/agora.xtec.cat\/escolalavilapalamos\/wp-json\/wp\/v2\/media\/10421"}],"wp:attachment":[{"href":"https:\/\/agora.xtec.cat\/escolalavilapalamos\/wp-json\/wp\/v2\/media?parent=10408"}],"wp:term":[{"taxonomy":"category","embeddable":true,"href":"https:\/\/agora.xtec.cat\/escolalavilapalamos\/wp-json\/wp\/v2\/categories?post=10408"},{"taxonomy":"post_tag","embeddable":true,"href":"https:\/\/agora.xtec.cat\/escolalavilapalamos\/wp-json\/wp\/v2\/tags?post=10408"}],"curies":[{"name":"wp","href":"https:\/\/api.w.org\/{rel}","templated":true}]}}