{"id":10362,"date":"2021-11-07T19:22:36","date_gmt":"2021-11-07T18:22:36","guid":{"rendered":"https:\/\/agora.xtec.cat\/escolalavilapalamos\/?p=10362"},"modified":"2021-11-07T19:22:36","modified_gmt":"2021-11-07T18:22:36","slug":"els-espais-daprenentatge-a-p3","status":"publish","type":"post","link":"https:\/\/agora.xtec.cat\/escolalavilapalamos\/infantil\/els-espais-daprenentatge-a-p3\/","title":{"rendered":"Els espais d&#8217;aprenentatge a P3"},"content":{"rendered":"<p style=\"text-align: left;\">Els infants de P3 han fet un primer contacte amb les diverses propostes que podem trobar en els Espais d&#8217;Aprenentatge de la Comunitat de Petits.<\/p>\n<p style=\"text-align: justify;\"><sub>&#8221; Els espais d\u2019aprenentatge representen una organitzaci\u00f3 on l\u2019infant es converteix en el constructor del seu propi aprenentatge a partir del joc, la investigaci\u00f3 i les relacions amb els companys explorant amb llibertat segons els seus interessos i\u00a0 motivacions. \u00c9s ell qui pren les decisions i cerca les seves pr\u00f2pies estrat\u00e8gies per trobar les solucions davant de reptes<\/sub><br \/>\n<sub>i situacions que s\u2019anir\u00e0 trobant i l\u2019adult es presenta com un guia i observador.&#8221;\u00a0<em>(Curr\u00edculum i orientacions d&#8217;Educaci\u00f3 Infanti. Segon cicle. Juny 2016)<\/em><\/sub><\/p>\n<p id=\"viewer-qbv2\" class=\"mm8Nw _1j-51 _1atvN _1FoOD _78FBa _3_La3 _1atvN public-DraftStyleDefault-block-depth0 public-DraftStyleDefault-text-ltr\" style=\"text-align: left;\"><span class=\"_2PHJq public-DraftStyleDefault-ltr\">La sessi\u00f3 d\u2019espais t\u00e9 una estructura organitzativa concreta: a l&#8217;arribar a l&#8217;espai ens reunim en rotllana i la mestra presenta les diverses propostes i es recorden els objectius compartits a tots els espais basats en el respecte al material, a l\u2019espai i a la resta de companys i companyes. Una part principal de la sessi\u00f3 amb interacci\u00f3 i experimentaci\u00f3 lliure amb les propostes i materials per part dels infants. I finalment, una trobada en rotllana per fer el tancament reflexiu i formatiu on, a trav\u00e9s de la conversa, es comparteix qu\u00e8 s\u2019ha descobert o fet durant aquella sessi\u00f3.\u00a0<\/span><\/p>\n<p style=\"text-align: left;\">El fet de realitzar diverses sessions al llarg de la setmana en l&#8217;espai, permet deixar algunes propostes dels infants sense recollir per anar modificant, completant amb nous materials, &#8230; estimulant la seva curiositat i inter\u00e8s.<\/p>\n<p style=\"text-align: center;\"><a href=\"https:\/\/photos.app.goo.gl\/QzgwKBPAvL5sbVPL7\"><img loading=\"lazy\" decoding=\"async\" class=\"aligncenter size-full wp-image-10366\" src=\"https:\/\/agora.xtec.cat\/escolalavilapalamos\/wp-content\/uploads\/usu897\/2021\/11\/20211105_192707.jpg\" alt=\"\" width=\"311\" height=\"414\" srcset=\"https:\/\/agora.xtec.cat\/escolalavilapalamos\/wp-content\/uploads\/usu897\/2021\/11\/20211105_192707.jpg 311w, https:\/\/agora.xtec.cat\/escolalavilapalamos\/wp-content\/uploads\/usu897\/2021\/11\/20211105_192707-225x300.jpg 225w\" sizes=\"auto, (max-width: 311px) 100vw, 311px\" \/><\/a><\/p>\n<p style=\"text-align: center;\">Podeu veure algunes imatges clicant la imatge.<\/p>\n<p>&nbsp;<\/p>\n<p>&nbsp;<\/p>\n","protected":false},"excerpt":{"rendered":"<p>Els infants de P3 han fet un primer contacte amb les diverses propostes que podem trobar en els Espais d&#8217;Aprenentatge de la Comunitat de Petits.<br \/>\n&#8221; Els espais d\u2019aprenentatge representen una organitzaci\u00f3 on l\u2019infant es converteix en el constructor del seu propi aprenentatge a partir del&hellip;  <a href=\"https:\/\/agora.xtec.cat\/escolalavilapalamos\/infantil\/els-espais-daprenentatge-a-p3\/\" title=\"Read Els espais d&#8217;aprenentatge a P3\">Llegeix m\u00e9s\u00bb<\/a><\/p>\n","protected":false},"author":128,"featured_media":10366,"comment_status":"open","ping_status":"closed","sticky":false,"template":"","format":"standard","meta":{"_bbp_topic_count":0,"_bbp_reply_count":0,"_bbp_total_topic_count":0,"_bbp_total_reply_count":0,"_bbp_voice_count":0,"_bbp_anonymous_reply_count":0,"_bbp_topic_count_hidden":0,"_bbp_reply_count_hidden":0,"_bbp_forum_subforum_count":0,"footnotes":""},"categories":[2,4],"tags":[],"class_list":["post-10362","post","type-post","status-publish","format-standard","has-post-thumbnail","hentry","category-infantil","category-portada"],"post_mailing_queue_ids":[],"_links":{"self":[{"href":"https:\/\/agora.xtec.cat\/escolalavilapalamos\/wp-json\/wp\/v2\/posts\/10362","targetHints":{"allow":["GET"]}}],"collection":[{"href":"https:\/\/agora.xtec.cat\/escolalavilapalamos\/wp-json\/wp\/v2\/posts"}],"about":[{"href":"https:\/\/agora.xtec.cat\/escolalavilapalamos\/wp-json\/wp\/v2\/types\/post"}],"author":[{"embeddable":true,"href":"https:\/\/agora.xtec.cat\/escolalavilapalamos\/wp-json\/wp\/v2\/users\/128"}],"replies":[{"embeddable":true,"href":"https:\/\/agora.xtec.cat\/escolalavilapalamos\/wp-json\/wp\/v2\/comments?post=10362"}],"version-history":[{"count":2,"href":"https:\/\/agora.xtec.cat\/escolalavilapalamos\/wp-json\/wp\/v2\/posts\/10362\/revisions"}],"predecessor-version":[{"id":10369,"href":"https:\/\/agora.xtec.cat\/escolalavilapalamos\/wp-json\/wp\/v2\/posts\/10362\/revisions\/10369"}],"wp:featuredmedia":[{"embeddable":true,"href":"https:\/\/agora.xtec.cat\/escolalavilapalamos\/wp-json\/wp\/v2\/media\/10366"}],"wp:attachment":[{"href":"https:\/\/agora.xtec.cat\/escolalavilapalamos\/wp-json\/wp\/v2\/media?parent=10362"}],"wp:term":[{"taxonomy":"category","embeddable":true,"href":"https:\/\/agora.xtec.cat\/escolalavilapalamos\/wp-json\/wp\/v2\/categories?post=10362"},{"taxonomy":"post_tag","embeddable":true,"href":"https:\/\/agora.xtec.cat\/escolalavilapalamos\/wp-json\/wp\/v2\/tags?post=10362"}],"curies":[{"name":"wp","href":"https:\/\/api.w.org\/{rel}","templated":true}]}}