{"id":10357,"date":"2021-11-07T19:37:31","date_gmt":"2021-11-07T18:37:31","guid":{"rendered":"https:\/\/agora.xtec.cat\/escolalavilapalamos\/?p=10357"},"modified":"2021-11-15T13:06:58","modified_gmt":"2021-11-15T12:06:58","slug":"a-primer-dissenyem-lhorari","status":"publish","type":"post","link":"https:\/\/agora.xtec.cat\/escolalavilapalamos\/general\/a-primer-dissenyem-lhorari\/","title":{"rendered":"A 1r dissenyem l&#8217;horari!"},"content":{"rendered":"<p>A primer hem estat dissenyant i preparant l&#8217;horari manipulatiu per tenir penjat a l&#8217;aula. <span style=\"font-family: inherit; font-size: 1em;\">Avui us el volem presentar!<\/span><\/p>\n<p>Abans de tot, en rotllana, vam parlar i ens vam preguntar:<\/p>\n<ul>\n<li style=\"list-style-type: none;\">\n<ul>\n<li style=\"list-style-type: none;\">\n<ul>\n<li style=\"list-style-type: none;\">\n<ul>\n<li style=\"list-style-type: none;\">\n<ul>\n<li style=\"list-style-type: none;\">\n<ul>\n<li style=\"list-style-type: none;\">\n<ul>\n<li style=\"list-style-type: none;\">\n<ul>\n<li style=\"text-align: left;\">Qu\u00e8 \u00e9s un horari?<\/li>\n<li style=\"text-align: left;\">Per qu\u00e8 ens serveix?<\/li>\n<li style=\"text-align: left;\">Per qu\u00e8 ens pot ajudar?<\/li>\n<li style=\"text-align: left;\">Com s&#8217;organitza?<\/li>\n<\/ul>\n<\/li>\n<\/ul>\n<\/li>\n<\/ul>\n<\/li>\n<\/ul>\n<\/li>\n<\/ul>\n<\/li>\n<\/ul>\n<\/li>\n<\/ul>\n<\/li>\n<\/ul>\n<p>Despr\u00e9s vam comen\u00e7ar a posar fil a l&#8217;agulla i vam decidir com vol\u00edem que fossin les imatges que hi sortirien. Vol\u00edem un dibuix? o una foto? Despr\u00e9s de decidir, fer votacions&#8230; vam comen\u00e7ar a escriure cartells amb els noms de cada cosa i tamb\u00e9 vam fer les fotografies. I vet aqu\u00ed el resultat!<\/p>\n<p>Ara, cada mat\u00ed abans de comen\u00e7ar, organitzem quines seran les activitats que farem durant el dia.<\/p>\n<p>1r A<\/p>\n<p><a href=\"https:\/\/agora.xtec.cat\/escolalavilapalamos\/wp-content\/uploads\/usu897\/2021\/11\/Horari-1r-A.jpg\"><img loading=\"lazy\" decoding=\"async\" class=\"alignnone size-large wp-image-10358\" src=\"https:\/\/agora.xtec.cat\/escolalavilapalamos\/wp-content\/uploads\/usu897\/2021\/11\/Horari-1r-A-1024x683.jpg\" alt=\"\" width=\"1024\" height=\"683\" srcset=\"https:\/\/agora.xtec.cat\/escolalavilapalamos\/wp-content\/uploads\/usu897\/2021\/11\/Horari-1r-A-1024x683.jpg 1024w, https:\/\/agora.xtec.cat\/escolalavilapalamos\/wp-content\/uploads\/usu897\/2021\/11\/Horari-1r-A-300x200.jpg 300w, https:\/\/agora.xtec.cat\/escolalavilapalamos\/wp-content\/uploads\/usu897\/2021\/11\/Horari-1r-A-768x512.jpg 768w, https:\/\/agora.xtec.cat\/escolalavilapalamos\/wp-content\/uploads\/usu897\/2021\/11\/Horari-1r-A.jpg 1054w\" sizes=\"auto, (max-width: 1024px) 100vw, 1024px\" \/><\/a><\/p>\n<p>1r B<a href=\"https:\/\/agora.xtec.cat\/escolalavilapalamos\/wp-content\/uploads\/usu897\/2021\/11\/Horari-1r-B.jpg\"><img loading=\"lazy\" decoding=\"async\" class=\"alignnone size-large wp-image-10359\" src=\"https:\/\/agora.xtec.cat\/escolalavilapalamos\/wp-content\/uploads\/usu897\/2021\/11\/Horari-1r-B-1024x688.jpg\" alt=\"\" width=\"1024\" height=\"688\" srcset=\"https:\/\/agora.xtec.cat\/escolalavilapalamos\/wp-content\/uploads\/usu897\/2021\/11\/Horari-1r-B-1024x688.jpg 1024w, https:\/\/agora.xtec.cat\/escolalavilapalamos\/wp-content\/uploads\/usu897\/2021\/11\/Horari-1r-B-300x201.jpg 300w, https:\/\/agora.xtec.cat\/escolalavilapalamos\/wp-content\/uploads\/usu897\/2021\/11\/Horari-1r-B-768x516.jpg 768w, https:\/\/agora.xtec.cat\/escolalavilapalamos\/wp-content\/uploads\/usu897\/2021\/11\/Horari-1r-B-1536x1031.jpg 1536w, https:\/\/agora.xtec.cat\/escolalavilapalamos\/wp-content\/uploads\/usu897\/2021\/11\/Horari-1r-B.jpg 1540w\" sizes=\"auto, (max-width: 1024px) 100vw, 1024px\" \/><\/a><\/p>\n<p>Ben aviat, els vostres fills i filles el tindran a l&#8217;agenda perqu\u00e8 en pugueu parlar i fer conversa del dia a dia a l&#8217;Escola.<\/p>\n<p>Equip de Primer<\/p>\n","protected":false},"excerpt":{"rendered":"<p>A primer hem estat dissenyant i preparant l&#8217;horari manipulatiu per tenir penjat a l&#8217;aula. Avui us el volem presentar!<br \/>\nAbans de tot, en rotllana, vam parlar i ens vam preguntar:<\/p>\n<ul>\n<li style=\"list-style-type: none;\">\n<ul>\n<li style=\"list-style-type: none;\">\n<ul>\n<li style=\"list-style-type: none;\">\n<ul>\n<li style=\"list-style-type: none;\">\n<ul>\n<li style=\"list-style-type: none;\">\n<ul>\n<li style=\"list-style-type: none;\">\n<ul>\n<li style=\"list-style-type: none;\">\n<ul>\n<li style=\"text-align: left;\">Qu\u00e8&hellip;  <a href=\"https:\/\/agora.xtec.cat\/escolalavilapalamos\/general\/a-primer-dissenyem-lhorari\/\" title=\"Read A 1r dissenyem l&#8217;horari!\">Llegeix m\u00e9s\u00bb<\/a><br \/>\n","protected":false},"author":245,"featured_media":10359,"comment_status":"open","ping_status":"closed","sticky":false,"template":"","format":"standard","meta":{"_bbp_topic_count":0,"_bbp_reply_count":0,"_bbp_total_topic_count":0,"_bbp_total_reply_count":0,"_bbp_voice_count":0,"_bbp_anonymous_reply_count":0,"_bbp_topic_count_hidden":0,"_bbp_reply_count_hidden":0,"_bbp_forum_subforum_count":0,"footnotes":""},"categories":[127,1,4],"tags":[],"class_list":["post-10357","post","type-post","status-publish","format-standard","has-post-thumbnail","hentry","category-comunitat-de-mitjans","category-general","category-portada"],"post_mailing_queue_ids":[],"_links":{"self":[{"href":"https:\/\/agora.xtec.cat\/escolalavilapalamos\/wp-json\/wp\/v2\/posts\/10357","targetHints":{"allow":["GET"]}}],"collection":[{"href":"https:\/\/agora.xtec.cat\/escolalavilapalamos\/wp-json\/wp\/v2\/posts"}],"about":[{"href":"https:\/\/agora.xtec.cat\/escolalavilapalamos\/wp-json\/wp\/v2\/types\/post"}],"author":[{"embeddable":true,"href":"https:\/\/agora.xtec.cat\/escolalavilapalamos\/wp-json\/wp\/v2\/users\/245"}],"replies":[{"embeddable":true,"href":"https:\/\/agora.xtec.cat\/escolalavilapalamos\/wp-json\/wp\/v2\/comments?post=10357"}],"version-history":[{"count":3,"href":"https:\/\/agora.xtec.cat\/escolalavilapalamos\/wp-json\/wp\/v2\/posts\/10357\/revisions"}],"predecessor-version":[{"id":10449,"href":"https:\/\/agora.xtec.cat\/escolalavilapalamos\/wp-json\/wp\/v2\/posts\/10357\/revisions\/10449"}],"wp:featuredmedia":[{"embeddable":true,"href":"https:\/\/agora.xtec.cat\/escolalavilapalamos\/wp-json\/wp\/v2\/media\/10359"}],"wp:attachment":[{"href":"https:\/\/agora.xtec.cat\/escolalavilapalamos\/wp-json\/wp\/v2\/media?parent=10357"}],"wp:term":[{"taxonomy":"category","embeddable":true,"href":"https:\/\/agora.xtec.cat\/escolalavilapalamos\/wp-json\/wp\/v2\/categories?post=10357"},{"taxonomy":"post_tag","embeddable":true,"href":"https:\/\/agora.xtec.cat\/escolalavilapalamos\/wp-json\/wp\/v2\/tags?post=10357"}],"curies":[{"name":"wp","href":"https:\/\/api.w.org\/{rel}","templated":true}]}}