{"id":10345,"date":"2021-11-05T09:18:39","date_gmt":"2021-11-05T08:18:39","guid":{"rendered":"https:\/\/agora.xtec.cat\/escolalavilapalamos\/?p=10345"},"modified":"2021-11-05T10:32:49","modified_gmt":"2021-11-05T09:32:49","slug":"4t-coneix-a-vassily-kandinsky","status":"publish","type":"post","link":"https:\/\/agora.xtec.cat\/escolalavilapalamos\/general\/4t-coneix-a-vassily-kandinsky\/","title":{"rendered":"4t Coneix a Vassily Kandinsky"},"content":{"rendered":"<p style=\"text-align: left;\">Els nens i les nenes de 4t ja tenim <strong>el passaport a punt per viatjar per tot el m\u00f3n<\/strong>. Cada dues setmanes hem de descobrir a quin lloc ha anat un dels nostres companys\/es.Un cop all\u00e0 ens fixem en un artista o activitat cultural del pa\u00eds visitat per treballar-lo a l\u2019aula.<\/p>\n<p style=\"text-align: left;\">Aquesta activitat ens ajuda a con\u00e8ixer la geografia del nostre planeta: els diferents continents, pa\u00efsos i ciutats i la seva localitzaci\u00f3 en el mapa.<\/p>\n<p style=\"text-align: left;\">Ja hem estat a R\u00fassia i a Alemanya! Aquests dos pa\u00efsos ens han perm\u00e8s con\u00e8ixer al pintor <a href=\"https:\/\/ca.wikipedia.org\/wiki\/Vassili_Kandinski\"><strong>Vassily Kandinsky<\/strong><\/a> i \u00a0recrear des del nostre punt de vista el seu quadre <a href=\"https:\/\/2.bp.blogspot.com\/-LR7jzMjH3lU\/WKBS-i76DII\/AAAAAAAAEx0\/hyIo05pXON4ICh4q4MeDwjdidiHxNNL2QCLcB\/s1600\/taller%2Bvasili%2Bkandinsky%2Bcollage.jpg\"><strong>Estudi de color: quadrats amb cercles conc\u00e8ntrics<\/strong><\/a>.<\/p>\n<p style=\"text-align: left;\">Estem impacients per con\u00e8ixer altres parts del m\u00f3n i utilitzar diferents t\u00e8cniques pict\u00f2riques.<\/p>\n<p><a href=\"https:\/\/agora.xtec.cat\/escolalavilapalamos\/wp-content\/uploads\/usu897\/2021\/11\/IMG-20211104-WA0002.jpg\"><img loading=\"lazy\" decoding=\"async\" class=\"aligncenter size-large wp-image-10347\" src=\"https:\/\/agora.xtec.cat\/escolalavilapalamos\/wp-content\/uploads\/usu897\/2021\/11\/IMG-20211104-WA0002-1024x768.jpg\" alt=\"\" width=\"1024\" height=\"768\" srcset=\"https:\/\/agora.xtec.cat\/escolalavilapalamos\/wp-content\/uploads\/usu897\/2021\/11\/IMG-20211104-WA0002-1024x768.jpg 1024w, https:\/\/agora.xtec.cat\/escolalavilapalamos\/wp-content\/uploads\/usu897\/2021\/11\/IMG-20211104-WA0002-300x225.jpg 300w, https:\/\/agora.xtec.cat\/escolalavilapalamos\/wp-content\/uploads\/usu897\/2021\/11\/IMG-20211104-WA0002-768x576.jpg 768w, https:\/\/agora.xtec.cat\/escolalavilapalamos\/wp-content\/uploads\/usu897\/2021\/11\/IMG-20211104-WA0002-1536x1152.jpg 1536w, https:\/\/agora.xtec.cat\/escolalavilapalamos\/wp-content\/uploads\/usu897\/2021\/11\/IMG-20211104-WA0002-200x150.jpg 200w, https:\/\/agora.xtec.cat\/escolalavilapalamos\/wp-content\/uploads\/usu897\/2021\/11\/IMG-20211104-WA0002.jpg 1600w\" sizes=\"auto, (max-width: 1024px) 100vw, 1024px\" \/><\/a> <a href=\"https:\/\/agora.xtec.cat\/escolalavilapalamos\/wp-content\/uploads\/usu897\/2021\/11\/IMG-20211104-WA0003.jpg\"><img loading=\"lazy\" decoding=\"async\" class=\"aligncenter size-large wp-image-10346\" src=\"https:\/\/agora.xtec.cat\/escolalavilapalamos\/wp-content\/uploads\/usu897\/2021\/11\/IMG-20211104-WA0003-1024x769.jpg\" alt=\"\" width=\"1024\" height=\"769\" srcset=\"https:\/\/agora.xtec.cat\/escolalavilapalamos\/wp-content\/uploads\/usu897\/2021\/11\/IMG-20211104-WA0003-1024x769.jpg 1024w, https:\/\/agora.xtec.cat\/escolalavilapalamos\/wp-content\/uploads\/usu897\/2021\/11\/IMG-20211104-WA0003-300x225.jpg 300w, https:\/\/agora.xtec.cat\/escolalavilapalamos\/wp-content\/uploads\/usu897\/2021\/11\/IMG-20211104-WA0003-768x576.jpg 768w, https:\/\/agora.xtec.cat\/escolalavilapalamos\/wp-content\/uploads\/usu897\/2021\/11\/IMG-20211104-WA0003-1536x1153.jpg 1536w, https:\/\/agora.xtec.cat\/escolalavilapalamos\/wp-content\/uploads\/usu897\/2021\/11\/IMG-20211104-WA0003-200x150.jpg 200w, https:\/\/agora.xtec.cat\/escolalavilapalamos\/wp-content\/uploads\/usu897\/2021\/11\/IMG-20211104-WA0003.jpg 2048w\" sizes=\"auto, (max-width: 1024px) 100vw, 1024px\" \/><\/a><\/p>\n","protected":false},"excerpt":{"rendered":"<p>Els nens i les nenes de 4t ja tenim el passaport a punt per viatjar per tot el m\u00f3n. Cada dues setmanes hem de descobrir a quin lloc ha anat un dels nostres companys\/es.Un cop all\u00e0 ens fixem en un artista o activitat cultural del&hellip;  <a href=\"https:\/\/agora.xtec.cat\/escolalavilapalamos\/general\/4t-coneix-a-vassily-kandinsky\/\" title=\"Read 4t Coneix a Vassily Kandinsky\">Llegeix m\u00e9s\u00bb<\/a><\/p>\n","protected":false},"author":132,"featured_media":10347,"comment_status":"open","ping_status":"closed","sticky":false,"template":"","format":"standard","meta":{"_bbp_topic_count":0,"_bbp_reply_count":0,"_bbp_total_topic_count":0,"_bbp_total_reply_count":0,"_bbp_voice_count":0,"_bbp_anonymous_reply_count":0,"_bbp_topic_count_hidden":0,"_bbp_reply_count_hidden":0,"_bbp_forum_subforum_count":0,"footnotes":""},"categories":[128,1,4,5],"tags":[],"class_list":["post-10345","post","type-post","status-publish","format-standard","has-post-thumbnail","hentry","category-comunitat-de-grans","category-general","category-portada","category-primaria"],"post_mailing_queue_ids":[],"_links":{"self":[{"href":"https:\/\/agora.xtec.cat\/escolalavilapalamos\/wp-json\/wp\/v2\/posts\/10345","targetHints":{"allow":["GET"]}}],"collection":[{"href":"https:\/\/agora.xtec.cat\/escolalavilapalamos\/wp-json\/wp\/v2\/posts"}],"about":[{"href":"https:\/\/agora.xtec.cat\/escolalavilapalamos\/wp-json\/wp\/v2\/types\/post"}],"author":[{"embeddable":true,"href":"https:\/\/agora.xtec.cat\/escolalavilapalamos\/wp-json\/wp\/v2\/users\/132"}],"replies":[{"embeddable":true,"href":"https:\/\/agora.xtec.cat\/escolalavilapalamos\/wp-json\/wp\/v2\/comments?post=10345"}],"version-history":[{"count":3,"href":"https:\/\/agora.xtec.cat\/escolalavilapalamos\/wp-json\/wp\/v2\/posts\/10345\/revisions"}],"predecessor-version":[{"id":10353,"href":"https:\/\/agora.xtec.cat\/escolalavilapalamos\/wp-json\/wp\/v2\/posts\/10345\/revisions\/10353"}],"wp:featuredmedia":[{"embeddable":true,"href":"https:\/\/agora.xtec.cat\/escolalavilapalamos\/wp-json\/wp\/v2\/media\/10347"}],"wp:attachment":[{"href":"https:\/\/agora.xtec.cat\/escolalavilapalamos\/wp-json\/wp\/v2\/media?parent=10345"}],"wp:term":[{"taxonomy":"category","embeddable":true,"href":"https:\/\/agora.xtec.cat\/escolalavilapalamos\/wp-json\/wp\/v2\/categories?post=10345"},{"taxonomy":"post_tag","embeddable":true,"href":"https:\/\/agora.xtec.cat\/escolalavilapalamos\/wp-json\/wp\/v2\/tags?post=10345"}],"curies":[{"name":"wp","href":"https:\/\/api.w.org\/{rel}","templated":true}]}}