{"id":10339,"date":"2021-11-04T11:48:13","date_gmt":"2021-11-04T10:48:13","guid":{"rendered":"https:\/\/agora.xtec.cat\/escolalavilapalamos\/?p=10339"},"modified":"2021-11-25T10:46:20","modified_gmt":"2021-11-25T09:46:20","slug":"innovamat-per-les-families","status":"publish","type":"post","link":"https:\/\/agora.xtec.cat\/escolalavilapalamos\/general\/innovamat-per-les-families\/","title":{"rendered":"Innovamat per les fam\u00edlies"},"content":{"rendered":"<p>Com ja deveu saber, <strong>Innovamat<\/strong> \u00e9s la proposta que acompanya els vostres infants en l<strong>\u2019aprenentatge de les matem\u00e0tiques a l\u2019escola.<\/strong><\/p>\n<p>Perqu\u00e8 conegueu millor la proposta, han organitzat unes trobades amb les fam\u00edlies i ens han demanat que us fem arribar aquest missatge:<\/p>\n<p>\u00abAvui ens dirigim a vosaltres perqu\u00e8 us volem convidar a les primeres trobades virtuals\u00a0<strong>\u201cFam\u00edlies, aix\u00f2 \u00e9s Innovamat!\u201d<\/strong>, on us explicarem el projecte i com entenem l\u2019aprenentatge de les matem\u00e0tiques, posarem en pr\u00e0ctica alguns exemples (on us animarem a participar) i hi haur\u00e0 un espai al xat per resoldre dubtes.<\/p>\n<p><span style=\"color: #000080;\">La sessi\u00f3 amb les fam\u00edlies de l\u2019etapa de Prim\u00e0ria\u00a0<\/span><strong><span style=\"color: #000080;\">ser\u00e0 dijous 11 de novembre, de 18:30 h a 19:30 h<\/span>.\u00a0<\/strong>Per accedir-hi, feu clic\u00a0<a href=\"https:\/\/youtu.be\/LHgl8J_-O1I\" data-saferedirecturl=\"https:\/\/www.google.com\/url?q=https:\/\/youtu.be\/LHgl8J_-O1I&amp;source=gmail&amp;ust=1636098166664000&amp;usg=AFQjCNFE2Wf-IUj42BuDLF4AJS5xptQL1w\">aqu\u00ed<\/a>,\u00a0o copieu i enganxeu el seg\u00fcent enlla\u00e7 al navegador:\u00a0<a href=\"https:\/\/youtu.be\/LHgl8J_-O1I\" data-saferedirecturl=\"https:\/\/www.google.com\/url?q=https:\/\/youtu.be\/LHgl8J_-O1I&amp;source=gmail&amp;ust=1636098166664000&amp;usg=AFQjCNFE2Wf-IUj42BuDLF4AJS5xptQL1w\">https:\/\/youtu.be\/LHgl8J_-O1I<\/a><\/p>\n<p>No fa falta que us hi inscriviu: per assistir-hi nom\u00e9s caldr\u00e0 que, el dia indicat, utilitzeu els enlla\u00e7os que us hem facilitat. En el cas que experimenteu alguna dificultat per accedir-hi, sempre ho podreu fer directament\u00a0<a href=\"https:\/\/www.youtube.com\/c\/Innovamatencatal%C3%A0\" data-saferedirecturl=\"https:\/\/www.google.com\/url?q=https:\/\/www.youtube.com\/c\/Innovamatencatal%25C3%25A0&amp;source=gmail&amp;ust=1636098166664000&amp;usg=AFQjCNE46tHznnAo84PbaD4n8kNUBPWmiQ\">des del nostre canal a Youtube<\/a>, en el seg\u00fcent enlla\u00e7: <a href=\"https:\/\/www.youtube.com\/c\/Innovamatencatal%C3%A0\" data-saferedirecturl=\"https:\/\/www.google.com\/url?q=https:\/\/www.youtube.com\/c\/Innovamatencatal%25C3%25A0&amp;source=gmail&amp;ust=1636098166664000&amp;usg=AFQjCNE46tHznnAo84PbaD4n8kNUBPWmiQ\">https:\/\/www.youtube.com\/c\/Innovamatencatal\u00e0<\/a><\/p>\n<p>L\u2019equip d\u2019Innovamat<\/p>\n<p><iframe loading=\"lazy\" src=\"\/\/www.youtube.com\/embed\/LHgl8J_-O1I\" width=\"560\" height=\"314\" allowfullscreen=\"allowfullscreen\"><\/iframe><\/p>\n<p>Des de l\u2019escola us animem a assistir-hi, ja que aquestes trobades seran una bona oportunitat per escoltar de primera m\u00e0 com els vostres fills i filles aprenen les matem\u00e0tiques a l\u2019escola. A m\u00e9s, podreu transmetre\u2019ls les vostres inquietuds i els dubtes que tingueu o que us puguin anar sorgint.<\/p>\n","protected":false},"excerpt":{"rendered":"<p>Com ja deveu saber, Innovamat \u00e9s la proposta que acompanya els vostres infants en l\u2019aprenentatge de les matem\u00e0tiques a l\u2019escola.<br \/>\nPerqu\u00e8 conegueu millor la proposta, han organitzat unes trobades amb les fam\u00edlies i ens han demanat que us fem arribar aquest missatge:<br \/>\n\u00abAvui ens dirigim a vosaltres&hellip;  <a href=\"https:\/\/agora.xtec.cat\/escolalavilapalamos\/general\/innovamat-per-les-families\/\" title=\"Read Innovamat per les fam\u00edlies\">Llegeix m\u00e9s\u00bb<\/a><\/p>\n","protected":false},"author":1,"featured_media":10340,"comment_status":"open","ping_status":"closed","sticky":false,"template":"","format":"standard","meta":{"_bbp_topic_count":0,"_bbp_reply_count":0,"_bbp_total_topic_count":0,"_bbp_total_reply_count":0,"_bbp_voice_count":0,"_bbp_anonymous_reply_count":0,"_bbp_topic_count_hidden":0,"_bbp_reply_count_hidden":0,"_bbp_forum_subforum_count":0,"footnotes":""},"categories":[1,4],"tags":[],"class_list":["post-10339","post","type-post","status-publish","format-standard","has-post-thumbnail","hentry","category-general","category-portada"],"post_mailing_queue_ids":[],"_links":{"self":[{"href":"https:\/\/agora.xtec.cat\/escolalavilapalamos\/wp-json\/wp\/v2\/posts\/10339","targetHints":{"allow":["GET"]}}],"collection":[{"href":"https:\/\/agora.xtec.cat\/escolalavilapalamos\/wp-json\/wp\/v2\/posts"}],"about":[{"href":"https:\/\/agora.xtec.cat\/escolalavilapalamos\/wp-json\/wp\/v2\/types\/post"}],"author":[{"embeddable":true,"href":"https:\/\/agora.xtec.cat\/escolalavilapalamos\/wp-json\/wp\/v2\/users\/1"}],"replies":[{"embeddable":true,"href":"https:\/\/agora.xtec.cat\/escolalavilapalamos\/wp-json\/wp\/v2\/comments?post=10339"}],"version-history":[{"count":2,"href":"https:\/\/agora.xtec.cat\/escolalavilapalamos\/wp-json\/wp\/v2\/posts\/10339\/revisions"}],"predecessor-version":[{"id":10344,"href":"https:\/\/agora.xtec.cat\/escolalavilapalamos\/wp-json\/wp\/v2\/posts\/10339\/revisions\/10344"}],"wp:featuredmedia":[{"embeddable":true,"href":"https:\/\/agora.xtec.cat\/escolalavilapalamos\/wp-json\/wp\/v2\/media\/10340"}],"wp:attachment":[{"href":"https:\/\/agora.xtec.cat\/escolalavilapalamos\/wp-json\/wp\/v2\/media?parent=10339"}],"wp:term":[{"taxonomy":"category","embeddable":true,"href":"https:\/\/agora.xtec.cat\/escolalavilapalamos\/wp-json\/wp\/v2\/categories?post=10339"},{"taxonomy":"post_tag","embeddable":true,"href":"https:\/\/agora.xtec.cat\/escolalavilapalamos\/wp-json\/wp\/v2\/tags?post=10339"}],"curies":[{"name":"wp","href":"https:\/\/api.w.org\/{rel}","templated":true}]}}