{"id":10306,"date":"2021-10-22T09:59:26","date_gmt":"2021-10-22T07:59:26","guid":{"rendered":"https:\/\/agora.xtec.cat\/escolalavilapalamos\/?p=10306"},"modified":"2022-10-17T14:52:15","modified_gmt":"2022-10-17T12:52:15","slug":"festa-de-la-castanyada-2021","status":"publish","type":"post","link":"https:\/\/agora.xtec.cat\/escolalavilapalamos\/general\/festa-de-la-castanyada-2021\/","title":{"rendered":"Festa de la Castanyada 2021"},"content":{"rendered":"<h1><a href=\"https:\/\/agora.xtec.cat\/escolalavilapalamos\/wp-content\/uploads\/usu897\/2021\/10\/Castanyada-2021.jpg\"><img loading=\"lazy\" decoding=\"async\" class=\" wp-image-10203 alignright\" src=\"https:\/\/agora.xtec.cat\/escolalavilapalamos\/wp-content\/uploads\/usu897\/2021\/10\/Castanyada-2021-212x300.jpg\" alt=\"\" width=\"416\" height=\"589\" srcset=\"https:\/\/agora.xtec.cat\/escolalavilapalamos\/wp-content\/uploads\/usu897\/2021\/10\/Castanyada-2021-212x300.jpg 212w, https:\/\/agora.xtec.cat\/escolalavilapalamos\/wp-content\/uploads\/usu897\/2021\/10\/Castanyada-2021-724x1024.jpg 724w, https:\/\/agora.xtec.cat\/escolalavilapalamos\/wp-content\/uploads\/usu897\/2021\/10\/Castanyada-2021-768x1086.jpg 768w, https:\/\/agora.xtec.cat\/escolalavilapalamos\/wp-content\/uploads\/usu897\/2021\/10\/Castanyada-2021-1086x1536.jpg 1086w, https:\/\/agora.xtec.cat\/escolalavilapalamos\/wp-content\/uploads\/usu897\/2021\/10\/Castanyada-2021-1448x2048.jpg 1448w, https:\/\/agora.xtec.cat\/escolalavilapalamos\/wp-content\/uploads\/usu897\/2021\/10\/Castanyada-2021.jpg 1587w\" sizes=\"auto, (max-width: 416px) 100vw, 416px\" \/><\/a><\/h1>\n<p><span class=\"gmail_default\"><strong><a href=\"https:\/\/agora.xtec.cat\/escolalavilapalamos\/wp-content\/uploads\/usu897\/2017\/11\/castanyera.jpg\"><img loading=\"lazy\" decoding=\"async\" class=\"wp-image-2003 alignleft\" src=\"https:\/\/agora.xtec.cat\/escolalavilapalamos\/wp-content\/uploads\/usu897\/2017\/11\/castanyera-300x256.jpg\" alt=\"\" width=\"167\" height=\"142\" srcset=\"https:\/\/agora.xtec.cat\/escolalavilapalamos\/wp-content\/uploads\/usu897\/2017\/11\/castanyera-300x256.jpg 300w, https:\/\/agora.xtec.cat\/escolalavilapalamos\/wp-content\/uploads\/usu897\/2017\/11\/castanyera.jpg 736w\" sizes=\"auto, (max-width: 167px) 100vw, 167px\" \/><\/a><\/strong><\/span><strong>El divendres 29 d&#8217;octubre celebrarem la Castanyada a l&#8217;escola.<\/strong> Durant tot el dia hi haur\u00e0 activitats pels nens i nenes que us detallem a continuaci\u00f3. <strong>A les 16h obrirem les portes a les fam\u00edlies<\/strong> per poder compartir una estona junts despr\u00e9s de tant temps sense poder-ho fer, ens fa molta il.lusi\u00f3! Hi haur\u00e0 tallers fins les 17h.<\/p>\n<p>A la tarda <strong>es podr\u00e0 venir a l&#8217;escola disfressat de castanyer o castanyera.<\/strong> Els usuaris de menjador caldr\u00e0 que portin la disfressa dins d&#8217;una bossa.<\/p>\n<p><strong>Els dies 27 i 28 d&#8217;octubre hauran de portar 15 castanyes amb el tall fet a la classe.<\/strong><\/p>\n<p>Pel divendres al mat\u00ed necessitem pares, mares, \u00e0vies&#8230;volunt\u00e0ries per fer de castanyera o castanyer a la comunitat de petits.<\/p>\n<p>Tamb\u00e9 caldran fam\u00edlies volunt\u00e0ries per a preparar els tallers del divendres. En cas que pugueu ajudar, ens trobem el dilluns 25 d&#8217;octubre a les 14:30h a l&#8217;entrada de secretaria (porta de vidre).<\/p>\n<p>Estem molt contents de poder recuperar l&#8217;ess\u00e8ncia de l&#8217;escola mica en mica!<\/p>\n<p>Participeu en les activitats TAC de la castanyada a <a href=\"https:\/\/edu365.cat\/celebracions\/castanyada\/index.html\">www.edu365.cat\/celebracions\/castanyada<\/a><\/p>\n<p>&nbsp;<\/p>\n","protected":false},"excerpt":{"rendered":"<p><a href=\"https:\/\/agora.xtec.cat\/escolalavilapalamos\/wp-content\/uploads\/usu897\/2021\/10\/Castanyada-2021.jpg\"><\/a><br \/>\n<a href=\"https:\/\/agora.xtec.cat\/escolalavilapalamos\/wp-content\/uploads\/usu897\/2017\/11\/castanyera.jpg\"><\/a>El divendres 29 d&#8217;octubre celebrarem la Castanyada a l&#8217;escola. Durant tot el dia hi haur\u00e0 activitats pels nens i nenes que us detallem a continuaci\u00f3. A les 16h obrirem les portes a les fam\u00edlies per poder compartir una estona junts despr\u00e9s de tant&hellip;  <a href=\"https:\/\/agora.xtec.cat\/escolalavilapalamos\/general\/festa-de-la-castanyada-2021\/\" title=\"Read Festa de la Castanyada 2021\">Llegeix m\u00e9s\u00bb<\/a><\/p>\n","protected":false},"author":1,"featured_media":2003,"comment_status":"open","ping_status":"closed","sticky":false,"template":"","format":"standard","meta":{"_bbp_topic_count":0,"_bbp_reply_count":0,"_bbp_total_topic_count":0,"_bbp_total_reply_count":0,"_bbp_voice_count":0,"_bbp_anonymous_reply_count":0,"_bbp_topic_count_hidden":0,"_bbp_reply_count_hidden":0,"_bbp_forum_subforum_count":0,"footnotes":""},"categories":[1,4],"tags":[],"class_list":["post-10306","post","type-post","status-publish","format-standard","has-post-thumbnail","hentry","category-general","category-portada"],"post_mailing_queue_ids":[],"_links":{"self":[{"href":"https:\/\/agora.xtec.cat\/escolalavilapalamos\/wp-json\/wp\/v2\/posts\/10306","targetHints":{"allow":["GET"]}}],"collection":[{"href":"https:\/\/agora.xtec.cat\/escolalavilapalamos\/wp-json\/wp\/v2\/posts"}],"about":[{"href":"https:\/\/agora.xtec.cat\/escolalavilapalamos\/wp-json\/wp\/v2\/types\/post"}],"author":[{"embeddable":true,"href":"https:\/\/agora.xtec.cat\/escolalavilapalamos\/wp-json\/wp\/v2\/users\/1"}],"replies":[{"embeddable":true,"href":"https:\/\/agora.xtec.cat\/escolalavilapalamos\/wp-json\/wp\/v2\/comments?post=10306"}],"version-history":[{"count":2,"href":"https:\/\/agora.xtec.cat\/escolalavilapalamos\/wp-json\/wp\/v2\/posts\/10306\/revisions"}],"predecessor-version":[{"id":12278,"href":"https:\/\/agora.xtec.cat\/escolalavilapalamos\/wp-json\/wp\/v2\/posts\/10306\/revisions\/12278"}],"wp:featuredmedia":[{"embeddable":true,"href":"https:\/\/agora.xtec.cat\/escolalavilapalamos\/wp-json\/wp\/v2\/media\/2003"}],"wp:attachment":[{"href":"https:\/\/agora.xtec.cat\/escolalavilapalamos\/wp-json\/wp\/v2\/media?parent=10306"}],"wp:term":[{"taxonomy":"category","embeddable":true,"href":"https:\/\/agora.xtec.cat\/escolalavilapalamos\/wp-json\/wp\/v2\/categories?post=10306"},{"taxonomy":"post_tag","embeddable":true,"href":"https:\/\/agora.xtec.cat\/escolalavilapalamos\/wp-json\/wp\/v2\/tags?post=10306"}],"curies":[{"name":"wp","href":"https:\/\/api.w.org\/{rel}","templated":true}]}}