{"id":10291,"date":"2021-11-19T08:00:06","date_gmt":"2021-11-19T07:00:06","guid":{"rendered":"https:\/\/agora.xtec.cat\/escolalavilapalamos\/?p=10291"},"modified":"2021-11-22T09:31:42","modified_gmt":"2021-11-22T08:31:42","slug":"1r-2n-i-3r-van-a-la-gorga-a-veure-teatre","status":"publish","type":"post","link":"https:\/\/agora.xtec.cat\/escolalavilapalamos\/general\/1r-2n-i-3r-van-a-la-gorga-a-veure-teatre\/","title":{"rendered":"1r, 2n i 3r van a La Gorga a veure Teatre"},"content":{"rendered":"<p><a href=\"https:\/\/agora.xtec.cat\/escolalavilapalamos\/wp-content\/uploads\/usu897\/2021\/11\/E13I4SlWQAIfeRQ.jpg\"><img loading=\"lazy\" decoding=\"async\" class=\"wp-image-10293 alignright\" src=\"https:\/\/agora.xtec.cat\/escolalavilapalamos\/wp-content\/uploads\/usu897\/2021\/11\/E13I4SlWQAIfeRQ-300x200.jpg\" alt=\"\" width=\"425\" height=\"283\" srcset=\"https:\/\/agora.xtec.cat\/escolalavilapalamos\/wp-content\/uploads\/usu897\/2021\/11\/E13I4SlWQAIfeRQ-300x200.jpg 300w, https:\/\/agora.xtec.cat\/escolalavilapalamos\/wp-content\/uploads\/usu897\/2021\/11\/E13I4SlWQAIfeRQ-1024x683.jpg 1024w, https:\/\/agora.xtec.cat\/escolalavilapalamos\/wp-content\/uploads\/usu897\/2021\/11\/E13I4SlWQAIfeRQ-768x512.jpg 768w, https:\/\/agora.xtec.cat\/escolalavilapalamos\/wp-content\/uploads\/usu897\/2021\/11\/E13I4SlWQAIfeRQ-1536x1025.jpg 1536w, https:\/\/agora.xtec.cat\/escolalavilapalamos\/wp-content\/uploads\/usu897\/2021\/11\/E13I4SlWQAIfeRQ.jpg 2048w\" sizes=\"auto, (max-width: 425px) 100vw, 425px\" \/><\/a>El proper <strong>dimecres 24 de novembre de 2021<\/strong> els nens i nenes de 1r, 2n i 3r van a veure <a href=\"https:\/\/www.lesanxovetes.cat\/ondina\/\"><em>Ondina<\/em><\/a> de <a href=\"https:\/\/www.lesanxovetes.cat\/\">Cia. Les Anxovetes<\/a> a La Gorga. 10 h del mat\u00ed.<\/p>\n<p><span class=\"font-175345\"><strong>Ondina<\/strong>\u00a0\u00e9s un conte musicat i alhora un concert teatralitzat. I \u00e9s que entre di\u00e0legs i can\u00e7ons,\u00a0<strong>Les Anxovetes<\/strong> expliquen la hist\u00f2ria de tres germanes que vivien a la muntanya, per\u00f2 enyoraven molt el mar, ja que havien nascut all\u00e0. El seu pare era mariner i va morir en una tempesta mentre pescava. <\/span><span class=\"font-175345\">La mare, plena de tristesa, va decidir que ja no volia saber res m\u00e9s del mar i es va endur les seves tres filles a viure a muntanya.<\/span><\/p>\n<p><span class=\"font-175345\">Amb el temps, i decidides a tornar al lloc on pertanyien i fins i tot de fer-se mar endins, les tres germanes s\u2019acomiaden de la mare i de la muntanya i emprenen un viatge cap al seu lloc d\u2019origen tot seguint la crida de les ondines, i d\u2019aquesta manera redescobreixen el m\u00f3n de l\u2019havanera i tot all\u00f2 que l\u2019envolta: les barques, els mocadors blancs, les tavernes, l\u2019avi que va anar a Cuba, el rom cremat\u2026 i moltes coses m\u00e9s!<\/span><\/p>\n<p>Us podeu descarregar el dossier pedag\u00f2gic de l&#8217;obra <a href=\"https:\/\/drive.google.com\/file\/d\/1BZbYBVAo9e0z3Ssn90IdjgGyJtTvi6rV\/view?usp=sharing\">aqu\u00ed<\/a><\/p>\n<p><iframe loading=\"lazy\" src=\"\/\/www.youtube.com\/embed\/31c9aY7NzOY\" width=\"560\" height=\"314\" allowfullscreen=\"allowfullscreen\"><\/iframe><\/p>\n","protected":false},"excerpt":{"rendered":"<p><a href=\"https:\/\/agora.xtec.cat\/escolalavilapalamos\/wp-content\/uploads\/usu897\/2021\/11\/E13I4SlWQAIfeRQ.jpg\"><\/a>El proper dimecres 24 de novembre de 2021 els nens i nenes de 1r, 2n i 3r van a veure <a href=\"https:\/\/www.lesanxovetes.cat\/ondina\/\">Ondina<\/a> de <a href=\"https:\/\/www.lesanxovetes.cat\/\">Cia. Les Anxovetes<\/a> a La Gorga. 10 h del mat\u00ed.<br \/>\nOndina\u00a0\u00e9s un conte musicat i alhora un concert teatralitzat. I \u00e9s&hellip;  <a href=\"https:\/\/agora.xtec.cat\/escolalavilapalamos\/general\/1r-2n-i-3r-van-a-la-gorga-a-veure-teatre\/\" title=\"Read 1r, 2n i 3r van a La Gorga a veure Teatre\">Llegeix m\u00e9s\u00bb<\/a><\/p>\n","protected":false},"author":1,"featured_media":10293,"comment_status":"open","ping_status":"closed","sticky":false,"template":"","format":"standard","meta":{"_bbp_topic_count":0,"_bbp_reply_count":0,"_bbp_total_topic_count":0,"_bbp_total_reply_count":0,"_bbp_voice_count":0,"_bbp_anonymous_reply_count":0,"_bbp_topic_count_hidden":0,"_bbp_reply_count_hidden":0,"_bbp_forum_subforum_count":0,"footnotes":""},"categories":[1,4],"tags":[],"class_list":["post-10291","post","type-post","status-publish","format-standard","has-post-thumbnail","hentry","category-general","category-portada"],"post_mailing_queue_ids":[],"_links":{"self":[{"href":"https:\/\/agora.xtec.cat\/escolalavilapalamos\/wp-json\/wp\/v2\/posts\/10291","targetHints":{"allow":["GET"]}}],"collection":[{"href":"https:\/\/agora.xtec.cat\/escolalavilapalamos\/wp-json\/wp\/v2\/posts"}],"about":[{"href":"https:\/\/agora.xtec.cat\/escolalavilapalamos\/wp-json\/wp\/v2\/types\/post"}],"author":[{"embeddable":true,"href":"https:\/\/agora.xtec.cat\/escolalavilapalamos\/wp-json\/wp\/v2\/users\/1"}],"replies":[{"embeddable":true,"href":"https:\/\/agora.xtec.cat\/escolalavilapalamos\/wp-json\/wp\/v2\/comments?post=10291"}],"version-history":[{"count":3,"href":"https:\/\/agora.xtec.cat\/escolalavilapalamos\/wp-json\/wp\/v2\/posts\/10291\/revisions"}],"predecessor-version":[{"id":10297,"href":"https:\/\/agora.xtec.cat\/escolalavilapalamos\/wp-json\/wp\/v2\/posts\/10291\/revisions\/10297"}],"wp:featuredmedia":[{"embeddable":true,"href":"https:\/\/agora.xtec.cat\/escolalavilapalamos\/wp-json\/wp\/v2\/media\/10293"}],"wp:attachment":[{"href":"https:\/\/agora.xtec.cat\/escolalavilapalamos\/wp-json\/wp\/v2\/media?parent=10291"}],"wp:term":[{"taxonomy":"category","embeddable":true,"href":"https:\/\/agora.xtec.cat\/escolalavilapalamos\/wp-json\/wp\/v2\/categories?post=10291"},{"taxonomy":"post_tag","embeddable":true,"href":"https:\/\/agora.xtec.cat\/escolalavilapalamos\/wp-json\/wp\/v2\/tags?post=10291"}],"curies":[{"name":"wp","href":"https:\/\/api.w.org\/{rel}","templated":true}]}}