{"id":10281,"date":"2021-11-15T08:30:21","date_gmt":"2021-11-15T07:30:21","guid":{"rendered":"https:\/\/agora.xtec.cat\/escolalavilapalamos\/?p=10281"},"modified":"2021-11-18T10:28:05","modified_gmt":"2021-11-18T09:28:05","slug":"p4-i-p5-van-a-veure-teatre-a-la-gorga","status":"publish","type":"post","link":"https:\/\/agora.xtec.cat\/escolalavilapalamos\/general\/p4-i-p5-van-a-veure-teatre-a-la-gorga\/","title":{"rendered":"P4 i P5 van a La Gorga a veure Teatre"},"content":{"rendered":"<p><a href=\"https:\/\/agora.xtec.cat\/escolalavilapalamos\/wp-content\/uploads\/usu897\/2021\/11\/41RVv4FmOL._UXNaN_FMjpg_QL85_.jpg\"><img loading=\"lazy\" decoding=\"async\" class=\" wp-image-10287 alignright\" src=\"https:\/\/agora.xtec.cat\/escolalavilapalamos\/wp-content\/uploads\/usu897\/2021\/11\/41RVv4FmOL._UXNaN_FMjpg_QL85_-300x300.jpg\" alt=\"\" width=\"337\" height=\"337\" srcset=\"https:\/\/agora.xtec.cat\/escolalavilapalamos\/wp-content\/uploads\/usu897\/2021\/11\/41RVv4FmOL._UXNaN_FMjpg_QL85_-300x300.jpg 300w, https:\/\/agora.xtec.cat\/escolalavilapalamos\/wp-content\/uploads\/usu897\/2021\/11\/41RVv4FmOL._UXNaN_FMjpg_QL85_-150x150.jpg 150w, https:\/\/agora.xtec.cat\/escolalavilapalamos\/wp-content\/uploads\/usu897\/2021\/11\/41RVv4FmOL._UXNaN_FMjpg_QL85_.jpg 500w\" sizes=\"auto, (max-width: 337px) 100vw, 337px\" \/><\/a>El proper <strong>dijous 18 de novembre de 2021<\/strong> els nens i nenes de P4 i P5 van a veure <a href=\"https:\/\/www.discosama.cat\/espectacle\/andromines\/\"><em>Andr\u00f2mines<\/em><\/a> de <a href=\"https:\/\/www.discosama.cat\/samfaina-de-colors\/\">Cia. Samfaina de Colors<\/a> a La Gorga. 10 h del mat\u00ed.<\/p>\n<p>Una noia puja a les golfes de casa seva, redescobreix les seves joguines i torna a ser petita per un instant. El temps s\u2019escola suaument. Sols un instant i ja som grans. Els vells tresors de quan \u00e9rem petits s\u00f3n ara andr\u00f2mines abandonades que reviuen i ens retornen al parad\u00eds de la infantesa. Un espectacle po\u00e8tic que ens parla de la fugacitat del temps. <em>Andr\u00f2mines<\/em>\u00a0\u00e9s la darrera creaci\u00f3 de Samfaina de Colors, que aposta per una posada en escena conceptual i crea una atmosfera sonora que permet a l\u2019espectador sentir i emmirallar-se en els records de la seva infantesa.<\/p>\n<p>Us podeu descarregar el dossier pedag\u00f2gic de l&#8217;obra <a href=\"https:\/\/drive.google.com\/file\/d\/1yxlX-9yfBJ4BbRe0CbxlkRYicxZUfZNh\/view?usp=sharing\">aqu\u00ed<\/a><\/p>\n<p><iframe loading=\"lazy\" src=\"\/\/www.youtube.com\/embed\/uvQ3CVlpkjk\" width=\"560\" height=\"314\" allowfullscreen=\"allowfullscreen\"><\/iframe><\/p>\n","protected":false},"excerpt":{"rendered":"<p><a href=\"https:\/\/agora.xtec.cat\/escolalavilapalamos\/wp-content\/uploads\/usu897\/2021\/11\/41RVv4FmOL._UXNaN_FMjpg_QL85_.jpg\"><\/a>El proper dijous 18 de novembre de 2021 els nens i nenes de P4 i P5 van a veure <a href=\"https:\/\/www.discosama.cat\/espectacle\/andromines\/\">Andr\u00f2mines<\/a> de <a href=\"https:\/\/www.discosama.cat\/samfaina-de-colors\/\">Cia. Samfaina de Colors<\/a> a La Gorga. 10 h del mat\u00ed.<br \/>\nUna noia puja a les golfes de casa seva, redescobreix les&hellip;  <a href=\"https:\/\/agora.xtec.cat\/escolalavilapalamos\/general\/p4-i-p5-van-a-veure-teatre-a-la-gorga\/\" title=\"Read P4 i P5 van a La Gorga a veure Teatre\">Llegeix m\u00e9s\u00bb<\/a><\/p>\n","protected":false},"author":1,"featured_media":10287,"comment_status":"open","ping_status":"closed","sticky":false,"template":"","format":"standard","meta":{"_bbp_topic_count":0,"_bbp_reply_count":0,"_bbp_total_topic_count":0,"_bbp_total_reply_count":0,"_bbp_voice_count":0,"_bbp_anonymous_reply_count":0,"_bbp_topic_count_hidden":0,"_bbp_reply_count_hidden":0,"_bbp_forum_subforum_count":0,"footnotes":""},"categories":[1,4],"tags":[],"class_list":["post-10281","post","type-post","status-publish","format-standard","has-post-thumbnail","hentry","category-general","category-portada"],"post_mailing_queue_ids":[],"_links":{"self":[{"href":"https:\/\/agora.xtec.cat\/escolalavilapalamos\/wp-json\/wp\/v2\/posts\/10281","targetHints":{"allow":["GET"]}}],"collection":[{"href":"https:\/\/agora.xtec.cat\/escolalavilapalamos\/wp-json\/wp\/v2\/posts"}],"about":[{"href":"https:\/\/agora.xtec.cat\/escolalavilapalamos\/wp-json\/wp\/v2\/types\/post"}],"author":[{"embeddable":true,"href":"https:\/\/agora.xtec.cat\/escolalavilapalamos\/wp-json\/wp\/v2\/users\/1"}],"replies":[{"embeddable":true,"href":"https:\/\/agora.xtec.cat\/escolalavilapalamos\/wp-json\/wp\/v2\/comments?post=10281"}],"version-history":[{"count":3,"href":"https:\/\/agora.xtec.cat\/escolalavilapalamos\/wp-json\/wp\/v2\/posts\/10281\/revisions"}],"predecessor-version":[{"id":10501,"href":"https:\/\/agora.xtec.cat\/escolalavilapalamos\/wp-json\/wp\/v2\/posts\/10281\/revisions\/10501"}],"wp:featuredmedia":[{"embeddable":true,"href":"https:\/\/agora.xtec.cat\/escolalavilapalamos\/wp-json\/wp\/v2\/media\/10287"}],"wp:attachment":[{"href":"https:\/\/agora.xtec.cat\/escolalavilapalamos\/wp-json\/wp\/v2\/media?parent=10281"}],"wp:term":[{"taxonomy":"category","embeddable":true,"href":"https:\/\/agora.xtec.cat\/escolalavilapalamos\/wp-json\/wp\/v2\/categories?post=10281"},{"taxonomy":"post_tag","embeddable":true,"href":"https:\/\/agora.xtec.cat\/escolalavilapalamos\/wp-json\/wp\/v2\/tags?post=10281"}],"curies":[{"name":"wp","href":"https:\/\/api.w.org\/{rel}","templated":true}]}}