{"id":10273,"date":"2021-11-12T08:00:22","date_gmt":"2021-11-12T07:00:22","guid":{"rendered":"https:\/\/agora.xtec.cat\/escolalavilapalamos\/?p=10273"},"modified":"2021-11-14T19:18:53","modified_gmt":"2021-11-14T18:18:53","slug":"4t-5e-i-6e-van-a-la-gorga-a-veure-teatre","status":"publish","type":"post","link":"https:\/\/agora.xtec.cat\/escolalavilapalamos\/portada\/4t-5e-i-6e-van-a-la-gorga-a-veure-teatre\/","title":{"rendered":"4t, 5\u00e8 i 6\u00e8 van a La Gorga a veure Teatre"},"content":{"rendered":"<p><a href=\"https:\/\/agora.xtec.cat\/escolalavilapalamos\/wp-content\/uploads\/usu897\/2021\/10\/Els-colors-de-Duke-Ellington_c_Marcel-Asso-640x480-1.jpg\"><img loading=\"lazy\" decoding=\"async\" class=\" wp-image-10274 alignright\" src=\"https:\/\/agora.xtec.cat\/escolalavilapalamos\/wp-content\/uploads\/usu897\/2021\/10\/Els-colors-de-Duke-Ellington_c_Marcel-Asso-640x480-1-300x225.jpg\" alt=\"\" width=\"348\" height=\"261\" srcset=\"https:\/\/agora.xtec.cat\/escolalavilapalamos\/wp-content\/uploads\/usu897\/2021\/10\/Els-colors-de-Duke-Ellington_c_Marcel-Asso-640x480-1-300x225.jpg 300w, https:\/\/agora.xtec.cat\/escolalavilapalamos\/wp-content\/uploads\/usu897\/2021\/10\/Els-colors-de-Duke-Ellington_c_Marcel-Asso-640x480-1-200x150.jpg 200w, https:\/\/agora.xtec.cat\/escolalavilapalamos\/wp-content\/uploads\/usu897\/2021\/10\/Els-colors-de-Duke-Ellington_c_Marcel-Asso-640x480-1.jpg 640w\" sizes=\"auto, (max-width: 348px) 100vw, 348px\" \/><\/a>El proper <strong>dimarts 16 de novembre de 2021<\/strong> els nois i noies de 4t, 5\u00e8 i 6\u00e8 van a veure <a href=\"http:\/\/www.cascai.com\/ca\/portfolio\/els-colors-de-duke-ellington\/\"><em>Els colors de Duke Ellington<\/em> <\/a>de <a href=\"http:\/\/www.cascai.com\/ca\/\">Cia. Cascai Teatre i Girona Jazz Project\u00a0<\/a> a La Gorga. 10h del mat\u00ed.<\/p>\n<p>De la m\u00e0 d\u2019un dels grans compositors, directors i int\u00e8rprets de la hist\u00f2ria del jazz, <strong>Duke Ellingnton<\/strong>, presentem un concert teatralitzat, on una banda de nou m\u00fasics i dos actors ens proposaran un viatge musical a trav\u00e9s de la hist\u00f2ria del jazz, tot passant per l\u2019univers humor\u00edstic de Marcel Tom\u00e0s que a banda d\u2019exercir com a mestre de cerim\u00f2nies, interpretar\u00e0, juntament amb els m\u00fasics, coreografies, esquetxos c\u00f2mics i can\u00e7ons. Tot plegat al servei d\u2019un show divertit i hilarant amb una banda sonora impecable i la inestimable participaci\u00f3 del p\u00fablic.<\/p>\n<p>Us podeu descarregar el dossier pedag\u00f2gic de l&#8217;obra <a href=\"https:\/\/drive.google.com\/file\/d\/1dy279pysqMFDmBHgOrlF5fHXcFnUc-gT\/view?usp=sharing\">aqu\u00ed<\/a><\/p>\n<p><iframe loading=\"lazy\" src=\"\/\/www.youtube.com\/embed\/7bnvuWnSBrU\" width=\"560\" height=\"314\" allowfullscreen=\"allowfullscreen\"><\/iframe><\/p>\n<p>&nbsp;<\/p>\n","protected":false},"excerpt":{"rendered":"<p><a href=\"https:\/\/agora.xtec.cat\/escolalavilapalamos\/wp-content\/uploads\/usu897\/2021\/10\/Els-colors-de-Duke-Ellington_c_Marcel-Asso-640x480-1.jpg\"><\/a>El proper dimarts 16 de novembre de 2021 els nois i noies de 4t, 5\u00e8 i 6\u00e8 van a veure <a href=\"http:\/\/www.cascai.com\/ca\/portfolio\/els-colors-de-duke-ellington\/\">Els colors de Duke Ellington <\/a>de <a href=\"http:\/\/www.cascai.com\/ca\/\">Cia. Cascai Teatre i Girona Jazz Project\u00a0<\/a> a La Gorga. 10h del mat\u00ed.<br \/>\nDe la m\u00e0 d\u2019un&hellip;  <a href=\"https:\/\/agora.xtec.cat\/escolalavilapalamos\/portada\/4t-5e-i-6e-van-a-la-gorga-a-veure-teatre\/\" title=\"Read 4t, 5\u00e8 i 6\u00e8 van a La Gorga a veure Teatre\">Llegeix m\u00e9s\u00bb<\/a><\/p>\n","protected":false},"author":1,"featured_media":10274,"comment_status":"open","ping_status":"closed","sticky":false,"template":"","format":"standard","meta":{"_bbp_topic_count":0,"_bbp_reply_count":0,"_bbp_total_topic_count":0,"_bbp_total_reply_count":0,"_bbp_voice_count":0,"_bbp_anonymous_reply_count":0,"_bbp_topic_count_hidden":0,"_bbp_reply_count_hidden":0,"_bbp_forum_subforum_count":0,"footnotes":""},"categories":[128,4],"tags":[],"class_list":["post-10273","post","type-post","status-publish","format-standard","has-post-thumbnail","hentry","category-comunitat-de-grans","category-portada"],"post_mailing_queue_ids":[],"_links":{"self":[{"href":"https:\/\/agora.xtec.cat\/escolalavilapalamos\/wp-json\/wp\/v2\/posts\/10273","targetHints":{"allow":["GET"]}}],"collection":[{"href":"https:\/\/agora.xtec.cat\/escolalavilapalamos\/wp-json\/wp\/v2\/posts"}],"about":[{"href":"https:\/\/agora.xtec.cat\/escolalavilapalamos\/wp-json\/wp\/v2\/types\/post"}],"author":[{"embeddable":true,"href":"https:\/\/agora.xtec.cat\/escolalavilapalamos\/wp-json\/wp\/v2\/users\/1"}],"replies":[{"embeddable":true,"href":"https:\/\/agora.xtec.cat\/escolalavilapalamos\/wp-json\/wp\/v2\/comments?post=10273"}],"version-history":[{"count":3,"href":"https:\/\/agora.xtec.cat\/escolalavilapalamos\/wp-json\/wp\/v2\/posts\/10273\/revisions"}],"predecessor-version":[{"id":10279,"href":"https:\/\/agora.xtec.cat\/escolalavilapalamos\/wp-json\/wp\/v2\/posts\/10273\/revisions\/10279"}],"wp:featuredmedia":[{"embeddable":true,"href":"https:\/\/agora.xtec.cat\/escolalavilapalamos\/wp-json\/wp\/v2\/media\/10274"}],"wp:attachment":[{"href":"https:\/\/agora.xtec.cat\/escolalavilapalamos\/wp-json\/wp\/v2\/media?parent=10273"}],"wp:term":[{"taxonomy":"category","embeddable":true,"href":"https:\/\/agora.xtec.cat\/escolalavilapalamos\/wp-json\/wp\/v2\/categories?post=10273"},{"taxonomy":"post_tag","embeddable":true,"href":"https:\/\/agora.xtec.cat\/escolalavilapalamos\/wp-json\/wp\/v2\/tags?post=10273"}],"curies":[{"name":"wp","href":"https:\/\/api.w.org\/{rel}","templated":true}]}}