{"id":10264,"date":"2021-10-28T18:05:05","date_gmt":"2021-10-28T16:05:05","guid":{"rendered":"https:\/\/agora.xtec.cat\/escolalavilapalamos\/?p=10264"},"modified":"2021-10-28T18:08:59","modified_gmt":"2021-10-28T16:08:59","slug":"happy-halloween","status":"publish","type":"post","link":"https:\/\/agora.xtec.cat\/escolalavilapalamos\/general\/happy-halloween\/","title":{"rendered":"Happy Halloween!!!"},"content":{"rendered":"<p><a href=\"https:\/\/agora.xtec.cat\/escolalavilapalamos\/wp-content\/uploads\/usu897\/2021\/10\/20211027_115852-scaled.jpg\"><img loading=\"lazy\" decoding=\"async\" class=\"alignleft  wp-image-10267\" src=\"https:\/\/agora.xtec.cat\/escolalavilapalamos\/wp-content\/uploads\/usu897\/2021\/10\/20211027_115852-300x169.jpg\" alt=\"\" width=\"476\" height=\"268\" srcset=\"https:\/\/agora.xtec.cat\/escolalavilapalamos\/wp-content\/uploads\/usu897\/2021\/10\/20211027_115852-300x169.jpg 300w, https:\/\/agora.xtec.cat\/escolalavilapalamos\/wp-content\/uploads\/usu897\/2021\/10\/20211027_115852-1024x576.jpg 1024w, https:\/\/agora.xtec.cat\/escolalavilapalamos\/wp-content\/uploads\/usu897\/2021\/10\/20211027_115852-768x432.jpg 768w, https:\/\/agora.xtec.cat\/escolalavilapalamos\/wp-content\/uploads\/usu897\/2021\/10\/20211027_115852-1536x864.jpg 1536w, https:\/\/agora.xtec.cat\/escolalavilapalamos\/wp-content\/uploads\/usu897\/2021\/10\/20211027_115852-2048x1152.jpg 2048w\" sizes=\"auto, (max-width: 476px) 100vw, 476px\" \/><\/a>A 1r i 2n portem uns dies treballant Halloween. Hem apr\u00e8s moltes paraules noves, ens han explicat hist\u00f2ries de por, hem cantat can\u00e7ons terror\u00edfiques i hem fet unes m\u00e0scares s\u00faper xules!<\/p>\n<p>Ens ho hem passat molt b\u00e9!<\/p>\n<p>Per\u00f2 durant aquest mes i mig de curs tamb\u00e9 hem fet d&#8217;altres coses. En podeu veure un tastet clicant <a href=\"https:\/\/photos.app.goo.gl\/xNXZhFiQdkMzrELb7\">el seg\u00fcent enlla\u00e7<\/a><\/p>\n<p>&nbsp;<\/p>\n","protected":false},"excerpt":{"rendered":"<p><a href=\"https:\/\/agora.xtec.cat\/escolalavilapalamos\/wp-content\/uploads\/usu897\/2021\/10\/20211027_115852-scaled.jpg\"><\/a>A 1r i 2n portem uns dies treballant Halloween. Hem apr\u00e8s moltes paraules noves, ens han explicat hist\u00f2ries de por, hem cantat can\u00e7ons terror\u00edfiques i hem fet unes m\u00e0scares s\u00faper xules!<br \/>\nEns ho hem passat molt b\u00e9!<br \/>\nPer\u00f2 durant aquest mes i mig de curs tamb\u00e9&hellip;  <a href=\"https:\/\/agora.xtec.cat\/escolalavilapalamos\/general\/happy-halloween\/\" title=\"Read Happy Halloween!!!\">Llegeix m\u00e9s\u00bb<\/a><\/p>\n","protected":false},"author":131,"featured_media":10267,"comment_status":"open","ping_status":"closed","sticky":false,"template":"","format":"standard","meta":{"_bbp_topic_count":0,"_bbp_reply_count":0,"_bbp_total_topic_count":0,"_bbp_total_reply_count":0,"_bbp_voice_count":0,"_bbp_anonymous_reply_count":0,"_bbp_topic_count_hidden":0,"_bbp_reply_count_hidden":0,"_bbp_forum_subforum_count":0,"footnotes":""},"categories":[69,1,4],"tags":[],"class_list":["post-10264","post","type-post","status-publish","format-standard","has-post-thumbnail","hentry","category-english","category-general","category-portada"],"post_mailing_queue_ids":[],"_links":{"self":[{"href":"https:\/\/agora.xtec.cat\/escolalavilapalamos\/wp-json\/wp\/v2\/posts\/10264","targetHints":{"allow":["GET"]}}],"collection":[{"href":"https:\/\/agora.xtec.cat\/escolalavilapalamos\/wp-json\/wp\/v2\/posts"}],"about":[{"href":"https:\/\/agora.xtec.cat\/escolalavilapalamos\/wp-json\/wp\/v2\/types\/post"}],"author":[{"embeddable":true,"href":"https:\/\/agora.xtec.cat\/escolalavilapalamos\/wp-json\/wp\/v2\/users\/131"}],"replies":[{"embeddable":true,"href":"https:\/\/agora.xtec.cat\/escolalavilapalamos\/wp-json\/wp\/v2\/comments?post=10264"}],"version-history":[{"count":4,"href":"https:\/\/agora.xtec.cat\/escolalavilapalamos\/wp-json\/wp\/v2\/posts\/10264\/revisions"}],"predecessor-version":[{"id":10269,"href":"https:\/\/agora.xtec.cat\/escolalavilapalamos\/wp-json\/wp\/v2\/posts\/10264\/revisions\/10269"}],"wp:featuredmedia":[{"embeddable":true,"href":"https:\/\/agora.xtec.cat\/escolalavilapalamos\/wp-json\/wp\/v2\/media\/10267"}],"wp:attachment":[{"href":"https:\/\/agora.xtec.cat\/escolalavilapalamos\/wp-json\/wp\/v2\/media?parent=10264"}],"wp:term":[{"taxonomy":"category","embeddable":true,"href":"https:\/\/agora.xtec.cat\/escolalavilapalamos\/wp-json\/wp\/v2\/categories?post=10264"},{"taxonomy":"post_tag","embeddable":true,"href":"https:\/\/agora.xtec.cat\/escolalavilapalamos\/wp-json\/wp\/v2\/tags?post=10264"}],"curies":[{"name":"wp","href":"https:\/\/api.w.org\/{rel}","templated":true}]}}