{"id":10238,"date":"2021-10-27T11:12:25","date_gmt":"2021-10-27T09:12:25","guid":{"rendered":"https:\/\/agora.xtec.cat\/escolalavilapalamos\/?p=10238"},"modified":"2021-10-27T13:08:53","modified_gmt":"2021-10-27T11:08:53","slug":"tastet-de-judo-a-1r-i-2n","status":"publish","type":"post","link":"https:\/\/agora.xtec.cat\/escolalavilapalamos\/general\/tastet-de-judo-a-1r-i-2n\/","title":{"rendered":"Tastet de Judo a 1r i 2n"},"content":{"rendered":"<p><span style=\"font-weight: 400;\"><a href=\"https:\/\/agora.xtec.cat\/escolalavilapalamos\/wp-content\/uploads\/usu897\/2021\/10\/IMG_20210920_110950-1.jpg\"><img loading=\"lazy\" decoding=\"async\" class=\"wp-image-10240 alignright\" src=\"https:\/\/agora.xtec.cat\/escolalavilapalamos\/wp-content\/uploads\/usu897\/2021\/10\/IMG_20210920_110950-1.jpg\" alt=\"\" width=\"332\" height=\"249\" srcset=\"https:\/\/agora.xtec.cat\/escolalavilapalamos\/wp-content\/uploads\/usu897\/2021\/10\/IMG_20210920_110950-1.jpg 977w, https:\/\/agora.xtec.cat\/escolalavilapalamos\/wp-content\/uploads\/usu897\/2021\/10\/IMG_20210920_110950-1-300x225.jpg 300w, https:\/\/agora.xtec.cat\/escolalavilapalamos\/wp-content\/uploads\/usu897\/2021\/10\/IMG_20210920_110950-1-768x576.jpg 768w, https:\/\/agora.xtec.cat\/escolalavilapalamos\/wp-content\/uploads\/usu897\/2021\/10\/IMG_20210920_110950-1-200x150.jpg 200w\" sizes=\"auto, (max-width: 332px) 100vw, 332px\" \/><\/a>Aquest curs en Jordi Garcia Mu\u00f1oz, 7\u00e8 Dan de judo, entrenador Nacional, coordinador de judo infantil en la federaci\u00f3 Catalana i\u00a0 membre del club Dojo Palam\u00f3s ha vingut a l\u2019escola per donar a con\u00e8ixer aquest esport als nens i nenes de 1r i 2n. Ens ha fet un tastet a trav\u00e9s de jocs, exercicis psicomotrius, t\u00e8cniques senzilles\u2026.transmetent\u00a0 valors dels judokes de tot el m\u00f3n i que formen part del \u201cCodi Moral del Judo\u201d que s\u00f3n el respecte, l&#8217;educaci\u00f3, l&#8217;autocontrol i l\u2019esfor\u00e7 de superaci\u00f3&#8230;. Gr\u00e0cies Jordi per venir a l&#8217;escola!!<\/span><\/p>\n<p><span style=\"font-weight: 400;\">Podreu veure les fotografies <a href=\"https:\/\/photos.app.goo.gl\/c9axofvJn8kB7dY86\">aqu\u00ed.<\/a><\/span><\/p>\n","protected":false},"excerpt":{"rendered":"<p><a href=\"https:\/\/agora.xtec.cat\/escolalavilapalamos\/wp-content\/uploads\/usu897\/2021\/10\/IMG_20210920_110950-1.jpg\"><\/a>Aquest curs en Jordi Garcia Mu\u00f1oz, 7\u00e8 Dan de judo, entrenador Nacional, coordinador de judo infantil en la federaci\u00f3 Catalana i\u00a0 membre del club Dojo Palam\u00f3s ha vingut a l\u2019escola per donar a con\u00e8ixer aquest esport als nens i nenes de 1r i 2n.&hellip;  <a href=\"https:\/\/agora.xtec.cat\/escolalavilapalamos\/general\/tastet-de-judo-a-1r-i-2n\/\" title=\"Read Tastet de Judo a 1r i 2n\">Llegeix m\u00e9s\u00bb<\/a><\/p>\n","protected":false},"author":46,"featured_media":10240,"comment_status":"open","ping_status":"closed","sticky":false,"template":"","format":"standard","meta":{"_bbp_topic_count":0,"_bbp_reply_count":0,"_bbp_total_topic_count":0,"_bbp_total_reply_count":0,"_bbp_voice_count":0,"_bbp_anonymous_reply_count":0,"_bbp_topic_count_hidden":0,"_bbp_reply_count_hidden":0,"_bbp_forum_subforum_count":0,"footnotes":""},"categories":[127,1,4],"tags":[],"class_list":["post-10238","post","type-post","status-publish","format-standard","has-post-thumbnail","hentry","category-comunitat-de-mitjans","category-general","category-portada"],"post_mailing_queue_ids":[],"_links":{"self":[{"href":"https:\/\/agora.xtec.cat\/escolalavilapalamos\/wp-json\/wp\/v2\/posts\/10238","targetHints":{"allow":["GET"]}}],"collection":[{"href":"https:\/\/agora.xtec.cat\/escolalavilapalamos\/wp-json\/wp\/v2\/posts"}],"about":[{"href":"https:\/\/agora.xtec.cat\/escolalavilapalamos\/wp-json\/wp\/v2\/types\/post"}],"author":[{"embeddable":true,"href":"https:\/\/agora.xtec.cat\/escolalavilapalamos\/wp-json\/wp\/v2\/users\/46"}],"replies":[{"embeddable":true,"href":"https:\/\/agora.xtec.cat\/escolalavilapalamos\/wp-json\/wp\/v2\/comments?post=10238"}],"version-history":[{"count":3,"href":"https:\/\/agora.xtec.cat\/escolalavilapalamos\/wp-json\/wp\/v2\/posts\/10238\/revisions"}],"predecessor-version":[{"id":10243,"href":"https:\/\/agora.xtec.cat\/escolalavilapalamos\/wp-json\/wp\/v2\/posts\/10238\/revisions\/10243"}],"wp:featuredmedia":[{"embeddable":true,"href":"https:\/\/agora.xtec.cat\/escolalavilapalamos\/wp-json\/wp\/v2\/media\/10240"}],"wp:attachment":[{"href":"https:\/\/agora.xtec.cat\/escolalavilapalamos\/wp-json\/wp\/v2\/media?parent=10238"}],"wp:term":[{"taxonomy":"category","embeddable":true,"href":"https:\/\/agora.xtec.cat\/escolalavilapalamos\/wp-json\/wp\/v2\/categories?post=10238"},{"taxonomy":"post_tag","embeddable":true,"href":"https:\/\/agora.xtec.cat\/escolalavilapalamos\/wp-json\/wp\/v2\/tags?post=10238"}],"curies":[{"name":"wp","href":"https:\/\/api.w.org\/{rel}","templated":true}]}}