{"id":10194,"date":"2021-10-22T19:32:39","date_gmt":"2021-10-22T17:32:39","guid":{"rendered":"https:\/\/agora.xtec.cat\/escolalavilapalamos\/?p=10194"},"modified":"2021-10-26T09:36:52","modified_gmt":"2021-10-26T07:36:52","slug":"paisatges","status":"publish","type":"post","link":"https:\/\/agora.xtec.cat\/escolalavilapalamos\/general\/paisatges\/","title":{"rendered":"Paisatges"},"content":{"rendered":"<p><a href=\"https:\/\/agora.xtec.cat\/escolalavilapalamos\/wp-content\/uploads\/usu897\/2021\/10\/IMG_20211006_114316.jpg\"><img loading=\"lazy\" decoding=\"async\" class=\"alignleft wp-image-10209\" src=\"https:\/\/agora.xtec.cat\/escolalavilapalamos\/wp-content\/uploads\/usu897\/2021\/10\/IMG_20211006_114316-300x224.jpg\" alt=\"\" width=\"371\" height=\"277\" srcset=\"https:\/\/agora.xtec.cat\/escolalavilapalamos\/wp-content\/uploads\/usu897\/2021\/10\/IMG_20211006_114316-300x224.jpg 300w, https:\/\/agora.xtec.cat\/escolalavilapalamos\/wp-content\/uploads\/usu897\/2021\/10\/IMG_20211006_114316-1024x766.jpg 1024w, https:\/\/agora.xtec.cat\/escolalavilapalamos\/wp-content\/uploads\/usu897\/2021\/10\/IMG_20211006_114316-768x574.jpg 768w, https:\/\/agora.xtec.cat\/escolalavilapalamos\/wp-content\/uploads\/usu897\/2021\/10\/IMG_20211006_114316-200x150.jpg 200w, https:\/\/agora.xtec.cat\/escolalavilapalamos\/wp-content\/uploads\/usu897\/2021\/10\/IMG_20211006_114316.jpg 1266w\" sizes=\"auto, (max-width: 371px) 100vw, 371px\" \/><\/a>Des de fa unes setmanes, <strong>un volc\u00e0 ha entrat a les nostres vides i ha despertat la curiositat de petits i grans<\/strong>.<\/p>\n<p>Tot mirant el programa de TV3 INFOK, anem seguint i descobrint aquest fenomen natural amb gran curiositat.\u00a0 El sorral del pati s&#8217;omple de volcans que els nens i nenes fan i desfan cada dia.<\/p>\n<p>A 3r hem aprofitat aquest fenomen natural per engegar el nostre treball globalitzat. Partint de la formaci\u00f3 dels volcans, hem comen\u00e7at\u00a0 un recorregut\u00a0 que ens portar\u00e0 durant aquest trimestre\u00a0 a <strong>aprendre a interpretar elements dels mapes, a\u00a0 descobrir\u00a0 diferents tipus de paisatges de muntanya, plana i costa (rius, muntanyes, pobles, illes&#8230;), i a\u00a0 con\u00e8ixer paisatges de proximitat:\u00a0 el poble, la comarca i Catalunya.<\/strong><\/p>\n<p>Aquesta setmana <strong>comencem les nostres maquetes sobre els paisatges:<\/strong> hem fet grups de treball; cada grup s&#8217;organitza, treballa, busca material\u00a0 i crea una maqueta d&#8217;un paisatge (muntanya, plana o costa) que despr\u00e9s exposar\u00e0 i explicar\u00e0 a la resta de la classe.<\/p>\n<p>Voleu veure algunes imatges del que hem anat fent? Doncs cliqueu <a href=\"https:\/\/photos.app.goo.gl\/c2gXoANNXvpmn87u8\">aqu\u00ed!<\/a><\/p>\n<div class=\"yj6qo\"><\/div>\n<div class=\"adL\"><\/div>\n","protected":false},"excerpt":{"rendered":"<p><a href=\"https:\/\/agora.xtec.cat\/escolalavilapalamos\/wp-content\/uploads\/usu897\/2021\/10\/IMG_20211006_114316.jpg\"><\/a>Des de fa unes setmanes, un volc\u00e0 ha entrat a les nostres vides i ha despertat la curiositat de petits i grans.<br \/>\nTot mirant el programa de TV3 INFOK, anem seguint i descobrint aquest fenomen natural amb gran curiositat.\u00a0 El sorral del pati s&#8217;omple de&hellip;  <a href=\"https:\/\/agora.xtec.cat\/escolalavilapalamos\/general\/paisatges\/\" title=\"Read Paisatges\">Llegeix m\u00e9s\u00bb<\/a><\/p>\n","protected":false},"author":131,"featured_media":10209,"comment_status":"open","ping_status":"closed","sticky":false,"template":"","format":"standard","meta":{"_bbp_topic_count":0,"_bbp_reply_count":0,"_bbp_total_topic_count":0,"_bbp_total_reply_count":0,"_bbp_voice_count":0,"_bbp_anonymous_reply_count":0,"_bbp_topic_count_hidden":0,"_bbp_reply_count_hidden":0,"_bbp_forum_subforum_count":0,"footnotes":""},"categories":[1,4],"tags":[],"class_list":["post-10194","post","type-post","status-publish","format-standard","has-post-thumbnail","hentry","category-general","category-portada"],"post_mailing_queue_ids":[],"_links":{"self":[{"href":"https:\/\/agora.xtec.cat\/escolalavilapalamos\/wp-json\/wp\/v2\/posts\/10194","targetHints":{"allow":["GET"]}}],"collection":[{"href":"https:\/\/agora.xtec.cat\/escolalavilapalamos\/wp-json\/wp\/v2\/posts"}],"about":[{"href":"https:\/\/agora.xtec.cat\/escolalavilapalamos\/wp-json\/wp\/v2\/types\/post"}],"author":[{"embeddable":true,"href":"https:\/\/agora.xtec.cat\/escolalavilapalamos\/wp-json\/wp\/v2\/users\/131"}],"replies":[{"embeddable":true,"href":"https:\/\/agora.xtec.cat\/escolalavilapalamos\/wp-json\/wp\/v2\/comments?post=10194"}],"version-history":[{"count":3,"href":"https:\/\/agora.xtec.cat\/escolalavilapalamos\/wp-json\/wp\/v2\/posts\/10194\/revisions"}],"predecessor-version":[{"id":10211,"href":"https:\/\/agora.xtec.cat\/escolalavilapalamos\/wp-json\/wp\/v2\/posts\/10194\/revisions\/10211"}],"wp:featuredmedia":[{"embeddable":true,"href":"https:\/\/agora.xtec.cat\/escolalavilapalamos\/wp-json\/wp\/v2\/media\/10209"}],"wp:attachment":[{"href":"https:\/\/agora.xtec.cat\/escolalavilapalamos\/wp-json\/wp\/v2\/media?parent=10194"}],"wp:term":[{"taxonomy":"category","embeddable":true,"href":"https:\/\/agora.xtec.cat\/escolalavilapalamos\/wp-json\/wp\/v2\/categories?post=10194"},{"taxonomy":"post_tag","embeddable":true,"href":"https:\/\/agora.xtec.cat\/escolalavilapalamos\/wp-json\/wp\/v2\/tags?post=10194"}],"curies":[{"name":"wp","href":"https:\/\/api.w.org\/{rel}","templated":true}]}}