{"id":10191,"date":"2021-10-22T19:26:21","date_gmt":"2021-10-22T17:26:21","guid":{"rendered":"https:\/\/agora.xtec.cat\/escolalavilapalamos\/?p=10191"},"modified":"2021-10-22T19:36:17","modified_gmt":"2021-10-22T17:36:17","slug":"estimulem-la-lectura-a-6e-larbre-de-les-histories","status":"publish","type":"post","link":"https:\/\/agora.xtec.cat\/escolalavilapalamos\/general\/estimulem-la-lectura-a-6e-larbre-de-les-histories\/","title":{"rendered":"Estimulem la lectura a 6\u00e8: l&#8217;arbre de les hist\u00f2ries"},"content":{"rendered":"<p><img loading=\"lazy\" decoding=\"async\" class=\"wp-image-10192 alignleft\" src=\"https:\/\/agora.xtec.cat\/escolalavilapalamos\/wp-content\/uploads\/usu897\/2021\/10\/0d20535b-7ccc-4eef-8065-28c26f5559f8-768x1024.jpg\" alt=\"\" width=\"311\" height=\"414\" srcset=\"https:\/\/agora.xtec.cat\/escolalavilapalamos\/wp-content\/uploads\/usu897\/2021\/10\/0d20535b-7ccc-4eef-8065-28c26f5559f8-768x1024.jpg 768w, https:\/\/agora.xtec.cat\/escolalavilapalamos\/wp-content\/uploads\/usu897\/2021\/10\/0d20535b-7ccc-4eef-8065-28c26f5559f8-225x300.jpg 225w, https:\/\/agora.xtec.cat\/escolalavilapalamos\/wp-content\/uploads\/usu897\/2021\/10\/0d20535b-7ccc-4eef-8065-28c26f5559f8-1152x1536.jpg 1152w, https:\/\/agora.xtec.cat\/escolalavilapalamos\/wp-content\/uploads\/usu897\/2021\/10\/0d20535b-7ccc-4eef-8065-28c26f5559f8.jpg 1536w\" sizes=\"auto, (max-width: 311px) 100vw, 311px\" \/><\/p>\n<p style=\"text-align: left;\"><span style=\"font-weight: 400;\">Des de l\u2019inici de curs a 6\u00e8 de prim\u00e0ria <strong>fomentem el gust per la lectura.<\/strong> <\/span><\/p>\n<p style=\"text-align: left;\"><span style=\"font-weight: 400;\">Per aquest motiu di\u00e0riament fem 20 minuts de lectura a l\u2019aula per comen\u00e7ar la jornada. Tamb\u00e9 fem un cop a la setmana club de lectura en el qual dediquem la sessi\u00f3 a treballar un llibre, en aquest cas l\u2019arbre de les hist\u00f2ries, per tal de fomentar conversa, cr\u00edtica i reflexi\u00f3 a l\u2019aula. D\u2019aquesta manera despertem l\u2019inter\u00e8s i motivaci\u00f3 per l\u2019h\u00e0bit lector. A l\u2019aula elaborarem un dossier amb un recull de les activitats i frases que anem fent sobre el llibre. Per altra banda, fa uns cursos que participem al <strong>concurs Atrapallibres<\/strong>, en el qual els nens fan de jurat en la selecci\u00f3 de 3 llibres que hauran de puntuar per tal de donar valor i veu a l\u2019opini\u00f3 dels infants com a lectors. <\/span><\/p>\n<p>Podeu visualitzar les fotos fent clic a <a href=\"https:\/\/photos.app.goo.gl\/hiNQV7kdTJ5mxfP37\">aqu\u00ed<\/a>.<\/p>\n<p>&nbsp;<\/p>\n<p>&nbsp;<\/p>\n<p>&nbsp;<\/p>\n","protected":false},"excerpt":{"rendered":"<p>Des de l\u2019inici de curs a 6\u00e8 de prim\u00e0ria fomentem el gust per la lectura.<br \/>\nPer aquest motiu di\u00e0riament fem 20 minuts de lectura a l\u2019aula per comen\u00e7ar la jornada. Tamb\u00e9 fem un cop a la setmana club de lectura en el qual dediquem la&hellip;  <a href=\"https:\/\/agora.xtec.cat\/escolalavilapalamos\/general\/estimulem-la-lectura-a-6e-larbre-de-les-histories\/\" title=\"Read Estimulem la lectura a 6\u00e8: l&#8217;arbre de les hist\u00f2ries\">Llegeix m\u00e9s\u00bb<\/a><\/p>\n","protected":false},"author":132,"featured_media":10192,"comment_status":"closed","ping_status":"closed","sticky":false,"template":"","format":"standard","meta":{"_bbp_topic_count":0,"_bbp_reply_count":0,"_bbp_total_topic_count":0,"_bbp_total_reply_count":0,"_bbp_voice_count":0,"_bbp_anonymous_reply_count":0,"_bbp_topic_count_hidden":0,"_bbp_reply_count_hidden":0,"_bbp_forum_subforum_count":0,"footnotes":""},"categories":[128,1,4,5],"tags":[105,140,142,141],"class_list":["post-10191","post","type-post","status-publish","format-standard","has-post-thumbnail","hentry","category-comunitat-de-grans","category-general","category-portada","category-primaria","tag-6e","tag-comunitatdegrans","tag-lectura","tag-primaria"],"post_mailing_queue_ids":[],"_links":{"self":[{"href":"https:\/\/agora.xtec.cat\/escolalavilapalamos\/wp-json\/wp\/v2\/posts\/10191","targetHints":{"allow":["GET"]}}],"collection":[{"href":"https:\/\/agora.xtec.cat\/escolalavilapalamos\/wp-json\/wp\/v2\/posts"}],"about":[{"href":"https:\/\/agora.xtec.cat\/escolalavilapalamos\/wp-json\/wp\/v2\/types\/post"}],"author":[{"embeddable":true,"href":"https:\/\/agora.xtec.cat\/escolalavilapalamos\/wp-json\/wp\/v2\/users\/132"}],"replies":[{"embeddable":true,"href":"https:\/\/agora.xtec.cat\/escolalavilapalamos\/wp-json\/wp\/v2\/comments?post=10191"}],"version-history":[{"count":3,"href":"https:\/\/agora.xtec.cat\/escolalavilapalamos\/wp-json\/wp\/v2\/posts\/10191\/revisions"}],"predecessor-version":[{"id":10207,"href":"https:\/\/agora.xtec.cat\/escolalavilapalamos\/wp-json\/wp\/v2\/posts\/10191\/revisions\/10207"}],"wp:featuredmedia":[{"embeddable":true,"href":"https:\/\/agora.xtec.cat\/escolalavilapalamos\/wp-json\/wp\/v2\/media\/10192"}],"wp:attachment":[{"href":"https:\/\/agora.xtec.cat\/escolalavilapalamos\/wp-json\/wp\/v2\/media?parent=10191"}],"wp:term":[{"taxonomy":"category","embeddable":true,"href":"https:\/\/agora.xtec.cat\/escolalavilapalamos\/wp-json\/wp\/v2\/categories?post=10191"},{"taxonomy":"post_tag","embeddable":true,"href":"https:\/\/agora.xtec.cat\/escolalavilapalamos\/wp-json\/wp\/v2\/tags?post=10191"}],"curies":[{"name":"wp","href":"https:\/\/api.w.org\/{rel}","templated":true}]}}