{"id":10187,"date":"2021-10-21T11:31:49","date_gmt":"2021-10-21T09:31:49","guid":{"rendered":"https:\/\/agora.xtec.cat\/escolalavilapalamos\/?p=10187"},"modified":"2021-10-22T09:25:48","modified_gmt":"2021-10-22T07:25:48","slug":"a-4t-escrivim-noticies-a-la-web-de-lescola","status":"publish","type":"post","link":"https:\/\/agora.xtec.cat\/escolalavilapalamos\/portada\/a-4t-escrivim-noticies-a-la-web-de-lescola\/","title":{"rendered":"A 4t escrivim not\u00edcies a la web de l&#8217;escola"},"content":{"rendered":"<header class=\"archive-header\">\n<div class=\"archive-meta\">\n<p><a href=\"https:\/\/agora.xtec.cat\/escolalavilapalamos\/wp-content\/uploads\/usu897\/2021\/10\/03694x.jpg\"><img loading=\"lazy\" decoding=\"async\" class=\" wp-image-10164 alignright\" src=\"https:\/\/agora.xtec.cat\/escolalavilapalamos\/wp-content\/uploads\/usu897\/2021\/10\/03694x-300x225.jpg\" alt=\"\" width=\"335\" height=\"251\" srcset=\"https:\/\/agora.xtec.cat\/escolalavilapalamos\/wp-content\/uploads\/usu897\/2021\/10\/03694x-300x225.jpg 300w, https:\/\/agora.xtec.cat\/escolalavilapalamos\/wp-content\/uploads\/usu897\/2021\/10\/03694x-768x576.jpg 768w, https:\/\/agora.xtec.cat\/escolalavilapalamos\/wp-content\/uploads\/usu897\/2021\/10\/03694x-200x150.jpg 200w, https:\/\/agora.xtec.cat\/escolalavilapalamos\/wp-content\/uploads\/usu897\/2021\/10\/03694x.jpg 1024w\" sizes=\"auto, (max-width: 335px) 100vw, 335px\" \/><\/a>Els nois i noies de 4t treballem l\u2019expressi\u00f3 escrita en catal\u00e0. Treballem molts tipus de textos. Aquesta setmana hem treballat la not\u00edcia. Hem mirat not\u00edcies dels diaris, web, televisi\u00f3, r\u00e0dio i xarxes socials.<\/p>\n<p>Dins l\u2019espai de treball globalitzat hem fet el <strong>projecte dels volcans<\/strong> a ra\u00f3 de l\u2019 erupci\u00f3 del <strong>volc\u00e0 Cumbre Vieja<\/strong>. En parelles hem escrit una not\u00edcia sobre el volc\u00e0. Aquest \u00e9s el resultat de totes les not\u00edcies.<\/p>\n<p>Per escriure la not\u00edcia han tingut present el t\u00edtol, el cos de la not\u00edcia, posar una foto i un v\u00eddeo i signar la not\u00edcia amb els noms dels\/de les redactors\/es.<\/p>\n<p>Podeu veure totes les not\u00edcies a: <a href=\"https:\/\/agora.xtec.cat\/escolalavilapalamos\/categoria\/escrivim-noticies-a-la-web\/\">https:\/\/agora.xtec.cat\/escolalavilapalamos\/categoria\/escrivim-noticies-a-la-web\/<\/a><\/p>\n<\/div>\n<\/header>\n","protected":false},"excerpt":{"rendered":"<p><a href=\"https:\/\/agora.xtec.cat\/escolalavilapalamos\/wp-content\/uploads\/usu897\/2021\/10\/03694x.jpg\"><\/a>Els nois i noies de 4t treballem l\u2019expressi\u00f3 escrita en catal\u00e0. Treballem molts tipus de textos. Aquesta setmana hem treballat la not\u00edcia. Hem mirat not\u00edcies dels diaris, web, televisi\u00f3, r\u00e0dio i xarxes socials.<br \/>\nDins l\u2019espai de treball globalitzat hem fet el projecte dels volcans a&hellip;  <a href=\"https:\/\/agora.xtec.cat\/escolalavilapalamos\/portada\/a-4t-escrivim-noticies-a-la-web-de-lescola\/\" title=\"Read A 4t escrivim not\u00edcies a la web de l&#8217;escola\">Llegeix m\u00e9s\u00bb<\/a><\/p>\n","protected":false},"author":1,"featured_media":10165,"comment_status":"open","ping_status":"closed","sticky":false,"template":"","format":"standard","meta":{"_bbp_topic_count":0,"_bbp_reply_count":0,"_bbp_total_topic_count":0,"_bbp_total_reply_count":0,"_bbp_voice_count":0,"_bbp_anonymous_reply_count":0,"_bbp_topic_count_hidden":0,"_bbp_reply_count_hidden":0,"_bbp_forum_subforum_count":0,"footnotes":""},"categories":[128,4],"tags":[],"class_list":["post-10187","post","type-post","status-publish","format-standard","has-post-thumbnail","hentry","category-comunitat-de-grans","category-portada"],"post_mailing_queue_ids":[],"_links":{"self":[{"href":"https:\/\/agora.xtec.cat\/escolalavilapalamos\/wp-json\/wp\/v2\/posts\/10187","targetHints":{"allow":["GET"]}}],"collection":[{"href":"https:\/\/agora.xtec.cat\/escolalavilapalamos\/wp-json\/wp\/v2\/posts"}],"about":[{"href":"https:\/\/agora.xtec.cat\/escolalavilapalamos\/wp-json\/wp\/v2\/types\/post"}],"author":[{"embeddable":true,"href":"https:\/\/agora.xtec.cat\/escolalavilapalamos\/wp-json\/wp\/v2\/users\/1"}],"replies":[{"embeddable":true,"href":"https:\/\/agora.xtec.cat\/escolalavilapalamos\/wp-json\/wp\/v2\/comments?post=10187"}],"version-history":[{"count":2,"href":"https:\/\/agora.xtec.cat\/escolalavilapalamos\/wp-json\/wp\/v2\/posts\/10187\/revisions"}],"predecessor-version":[{"id":10189,"href":"https:\/\/agora.xtec.cat\/escolalavilapalamos\/wp-json\/wp\/v2\/posts\/10187\/revisions\/10189"}],"wp:featuredmedia":[{"embeddable":true,"href":"https:\/\/agora.xtec.cat\/escolalavilapalamos\/wp-json\/wp\/v2\/media\/10165"}],"wp:attachment":[{"href":"https:\/\/agora.xtec.cat\/escolalavilapalamos\/wp-json\/wp\/v2\/media?parent=10187"}],"wp:term":[{"taxonomy":"category","embeddable":true,"href":"https:\/\/agora.xtec.cat\/escolalavilapalamos\/wp-json\/wp\/v2\/categories?post=10187"},{"taxonomy":"post_tag","embeddable":true,"href":"https:\/\/agora.xtec.cat\/escolalavilapalamos\/wp-json\/wp\/v2\/tags?post=10187"}],"curies":[{"name":"wp","href":"https:\/\/api.w.org\/{rel}","templated":true}]}}