{"id":10166,"date":"2021-10-20T11:35:23","date_gmt":"2021-10-20T09:35:23","guid":{"rendered":"https:\/\/agora.xtec.cat\/escolalavilapalamos\/?p=10166"},"modified":"2021-10-21T11:51:32","modified_gmt":"2021-10-21T09:51:32","slug":"5e-va-de-colonies-estades-dimmersio-linguistica","status":"publish","type":"post","link":"https:\/\/agora.xtec.cat\/escolalavilapalamos\/general\/5e-va-de-colonies-estades-dimmersio-linguistica\/","title":{"rendered":"5\u00e8 va de col\u00f2nies, estades d&#8217;immersi\u00f3 ling\u00fc\u00edstica"},"content":{"rendered":"<p><a href=\"https:\/\/agora.xtec.cat\/escolalavilapalamos\/wp-content\/uploads\/usu897\/2021\/10\/baixa-1.jpg\"><img loading=\"lazy\" decoding=\"async\" class=\"alignleft wp-image-10169\" src=\"https:\/\/agora.xtec.cat\/escolalavilapalamos\/wp-content\/uploads\/usu897\/2021\/10\/baixa-1.jpg\" alt=\"\" width=\"312\" height=\"234\" srcset=\"https:\/\/agora.xtec.cat\/escolalavilapalamos\/wp-content\/uploads\/usu897\/2021\/10\/baixa-1.jpg 259w, https:\/\/agora.xtec.cat\/escolalavilapalamos\/wp-content\/uploads\/usu897\/2021\/10\/baixa-1-200x150.jpg 200w\" sizes=\"auto, (max-width: 312px) 100vw, 312px\" \/><\/a>Els propers dilluns 25, dimarts 26 i dimecres 27 d&#8217;octubre <strong>els nois i noies de 5\u00e8 marxen de col\u00f2nies d&#8217;immersi\u00f3 ling\u00fc\u00edstica en angl\u00e8s a l&#8217;<a href=\"https:\/\/www.decolonies.com\/casadecolonies\/alberg-mas-silvestre\">alberg Mas Silvestre<\/a> de Canyamars<\/strong> al Maresme. Podeu localitzar la casa de col\u00f2nies <a href=\"https:\/\/goo.gl\/maps\/98PSaeiTVroFjSXB6\">aqu\u00ed<\/a>.<\/p>\n<p>El Departament d&#8217;Educaci\u00f3, en el marc de les actuacions finan\u00e7ades pel Fons Socials Europeu (2014-20) i del Programa d&#8217;orientaci\u00f3 i refor\u00e7 per a l&#8217;avan\u00e7 i suport a l&#8217;educaci\u00f3 del Ministeri d\u2019Educaci\u00f3 i Formaci\u00f3 Professional, ha destinat una part de la <strong>subvenci\u00f3<\/strong><strong> a l\u2019organitzaci\u00f3 d&#8217;estades d&#8217;immersi\u00f3 ling\u00fc\u00edstica en horari lectiu als albergs catalans per a la millora de la compet\u00e8ncia en llengua anglesa<\/strong> de l\u2019alumnat de Prim\u00e0ria. Aquest estades estan adre\u00e7ades a l&#8217;alumnat dels centres de Prim\u00e0ria i Secund\u00e0ria que van participar en el programa d\u2019innovaci\u00f3 GEP ( Programa de generaci\u00f3 pluriling\u00fce) de l\u2019edici\u00f3 2017-2020 i que han rebut el reconeixement de la innovaci\u00f3 pedag\u00f2gica. Amb aquesta actuaci\u00f3 el Departament d&#8217;Educaci\u00f3 vol contribuir a la millora de la compet\u00e8ncia en llengua anglesa del nostre alumnat i facilitar, al mateix temps, la continu\u00eftat i sostenibilitat de les accions que els centres van emprendre en el marc del programa GEP.<\/p>\n<p>Les estades d\u2019immersi\u00f3 ling\u00fc\u00edstica oferiran als participants un programa d\u2019activitats did\u00e0ctiques i l\u00fadiques vehiculades en llengua anglesa i dissenyades per respondre als interessos i inquietuds pr\u00f2pies de les edats dels alumnes, per motivar-ne l\u2019aprenentatge.<\/p>\n<p>Sortida i arribada: camp de futbol del Palam\u00f3s<\/p>\n<p>Hora de sortida dilluns 25 d&#8217;octubre: 8:30 h<\/p>\n<p>Hora d&#8217;arribada dimecres 27 d&#8217;octubre: 16h<\/p>\n<p>Aquesta \u00e9s una activitat gratu\u00efta i subvencionada per:<\/p>\n<p><a href=\"https:\/\/agora.xtec.cat\/escolalavilapalamos\/wp-content\/uploads\/usu897\/2021\/10\/20200406dept._educacio.jpg\"><img loading=\"lazy\" decoding=\"async\" class=\"alignleft size-medium wp-image-10170\" src=\"https:\/\/agora.xtec.cat\/escolalavilapalamos\/wp-content\/uploads\/usu897\/2021\/10\/20200406dept._educacio-300x51.jpg\" alt=\"\" width=\"300\" height=\"51\" srcset=\"https:\/\/agora.xtec.cat\/escolalavilapalamos\/wp-content\/uploads\/usu897\/2021\/10\/20200406dept._educacio-300x51.jpg 300w, https:\/\/agora.xtec.cat\/escolalavilapalamos\/wp-content\/uploads\/usu897\/2021\/10\/20200406dept._educacio.jpg 754w\" sizes=\"auto, (max-width: 300px) 100vw, 300px\" \/><\/a><a href=\"https:\/\/agora.xtec.cat\/escolalavilapalamos\/wp-content\/uploads\/usu897\/2021\/10\/FSE_amb_lema-1024x181-1.png\"><img loading=\"lazy\" decoding=\"async\" class=\"alignleft size-medium wp-image-10171\" src=\"https:\/\/agora.xtec.cat\/escolalavilapalamos\/wp-content\/uploads\/usu897\/2021\/10\/FSE_amb_lema-1024x181-1-300x53.png\" alt=\"\" width=\"300\" height=\"53\" srcset=\"https:\/\/agora.xtec.cat\/escolalavilapalamos\/wp-content\/uploads\/usu897\/2021\/10\/FSE_amb_lema-1024x181-1-300x53.png 300w, https:\/\/agora.xtec.cat\/escolalavilapalamos\/wp-content\/uploads\/usu897\/2021\/10\/FSE_amb_lema-1024x181-1-768x136.png 768w, https:\/\/agora.xtec.cat\/escolalavilapalamos\/wp-content\/uploads\/usu897\/2021\/10\/FSE_amb_lema-1024x181-1.png 1024w\" sizes=\"auto, (max-width: 300px) 100vw, 300px\" \/><\/a><a href=\"https:\/\/agora.xtec.cat\/escolalavilapalamos\/wp-content\/uploads\/usu897\/2021\/10\/ministerio-1024x283-1.png\"><img loading=\"lazy\" decoding=\"async\" class=\"alignleft size-medium wp-image-10172\" src=\"https:\/\/agora.xtec.cat\/escolalavilapalamos\/wp-content\/uploads\/usu897\/2021\/10\/ministerio-1024x283-1-300x83.png\" alt=\"\" width=\"300\" height=\"83\" srcset=\"https:\/\/agora.xtec.cat\/escolalavilapalamos\/wp-content\/uploads\/usu897\/2021\/10\/ministerio-1024x283-1-300x83.png 300w, https:\/\/agora.xtec.cat\/escolalavilapalamos\/wp-content\/uploads\/usu897\/2021\/10\/ministerio-1024x283-1-768x212.png 768w, https:\/\/agora.xtec.cat\/escolalavilapalamos\/wp-content\/uploads\/usu897\/2021\/10\/ministerio-1024x283-1.png 1024w\" sizes=\"auto, (max-width: 300px) 100vw, 300px\" \/><\/a><\/p>\n","protected":false},"excerpt":{"rendered":"<p><a href=\"https:\/\/agora.xtec.cat\/escolalavilapalamos\/wp-content\/uploads\/usu897\/2021\/10\/baixa-1.jpg\"><\/a>Els propers dilluns 25, dimarts 26 i dimecres 27 d&#8217;octubre els nois i noies de 5\u00e8 marxen de col\u00f2nies d&#8217;immersi\u00f3 ling\u00fc\u00edstica en angl\u00e8s a l&#8217;<a href=\"https:\/\/www.decolonies.com\/casadecolonies\/alberg-mas-silvestre\">alberg Mas Silvestre<\/a> de Canyamars al Maresme. Podeu localitzar la casa de col\u00f2nies <a href=\"https:\/\/goo.gl\/maps\/98PSaeiTVroFjSXB6\">aqu\u00ed<\/a>.<br \/>\nEl Departament d&#8217;Educaci\u00f3, en el&hellip;  <a href=\"https:\/\/agora.xtec.cat\/escolalavilapalamos\/general\/5e-va-de-colonies-estades-dimmersio-linguistica\/\" title=\"Read 5\u00e8 va de col\u00f2nies, estades d&#8217;immersi\u00f3 ling\u00fc\u00edstica\">Llegeix m\u00e9s\u00bb<\/a><\/p>\n","protected":false},"author":1,"featured_media":10169,"comment_status":"open","ping_status":"closed","sticky":false,"template":"","format":"standard","meta":{"_bbp_topic_count":0,"_bbp_reply_count":0,"_bbp_total_topic_count":0,"_bbp_total_reply_count":0,"_bbp_voice_count":0,"_bbp_anonymous_reply_count":0,"_bbp_topic_count_hidden":0,"_bbp_reply_count_hidden":0,"_bbp_forum_subforum_count":0,"footnotes":""},"categories":[128,1,4],"tags":[],"class_list":["post-10166","post","type-post","status-publish","format-standard","has-post-thumbnail","hentry","category-comunitat-de-grans","category-general","category-portada"],"post_mailing_queue_ids":[],"_links":{"self":[{"href":"https:\/\/agora.xtec.cat\/escolalavilapalamos\/wp-json\/wp\/v2\/posts\/10166","targetHints":{"allow":["GET"]}}],"collection":[{"href":"https:\/\/agora.xtec.cat\/escolalavilapalamos\/wp-json\/wp\/v2\/posts"}],"about":[{"href":"https:\/\/agora.xtec.cat\/escolalavilapalamos\/wp-json\/wp\/v2\/types\/post"}],"author":[{"embeddable":true,"href":"https:\/\/agora.xtec.cat\/escolalavilapalamos\/wp-json\/wp\/v2\/users\/1"}],"replies":[{"embeddable":true,"href":"https:\/\/agora.xtec.cat\/escolalavilapalamos\/wp-json\/wp\/v2\/comments?post=10166"}],"version-history":[{"count":3,"href":"https:\/\/agora.xtec.cat\/escolalavilapalamos\/wp-json\/wp\/v2\/posts\/10166\/revisions"}],"predecessor-version":[{"id":10175,"href":"https:\/\/agora.xtec.cat\/escolalavilapalamos\/wp-json\/wp\/v2\/posts\/10166\/revisions\/10175"}],"wp:featuredmedia":[{"embeddable":true,"href":"https:\/\/agora.xtec.cat\/escolalavilapalamos\/wp-json\/wp\/v2\/media\/10169"}],"wp:attachment":[{"href":"https:\/\/agora.xtec.cat\/escolalavilapalamos\/wp-json\/wp\/v2\/media?parent=10166"}],"wp:term":[{"taxonomy":"category","embeddable":true,"href":"https:\/\/agora.xtec.cat\/escolalavilapalamos\/wp-json\/wp\/v2\/categories?post=10166"},{"taxonomy":"post_tag","embeddable":true,"href":"https:\/\/agora.xtec.cat\/escolalavilapalamos\/wp-json\/wp\/v2\/tags?post=10166"}],"curies":[{"name":"wp","href":"https:\/\/api.w.org\/{rel}","templated":true}]}}