{"id":10071,"date":"2021-10-19T10:25:19","date_gmt":"2021-10-19T08:25:19","guid":{"rendered":"https:\/\/agora.xtec.cat\/escolalavilapalamos\/?p=10071"},"modified":"2021-10-19T10:25:19","modified_gmt":"2021-10-19T08:25:19","slug":"el-volca-cumbre-vieja-3","status":"publish","type":"post","link":"https:\/\/agora.xtec.cat\/escolalavilapalamos\/escrivim-noticies-a-la-web\/el-volca-cumbre-vieja-3\/","title":{"rendered":"El volc\u00e0 Cumbre Vieja"},"content":{"rendered":"<p><img loading=\"lazy\" decoding=\"async\" class=\"alignright\" src=\"https:\/\/e00-elmundo.uecdn.es\/assets\/multimedia\/imagenes\/2021\/09\/20\/16320925285814.jpg\" alt=\"La erupci\u00f3n del volc\u00e1n Cumbre Vieja en La Palma obliga a evacuar a miles de personas | Ciencia\" width=\"403\" height=\"272\" \/>Feia 50 anys que no entrava en erupci\u00f3 el volc\u00e0 Cumbre Vieja. Va passar el diumenge 19 a l&#8217;illa de La Palma a les illes Can\u00e0ries. Ha expulsat tanta lava que pot omplir 3.000 piscines ol\u00edmpiques.<\/p>\n<p>Han evacuat m\u00e9s de 5.000 mil persones i s&#8217;han destru\u00eft m\u00e9s de 1.000 cases. La lava est\u00e0 a m\u00e9s de 1.000\u00ba.<\/p>\n<p>\u00c0dam Sarsari i Juan David Carmona<\/p>\n<p><iframe loading=\"lazy\" src=\"\/\/www.youtube.com\/embed\/zuUCKGESD5Q\" width=\"560\" height=\"314\"><\/iframe><\/p>\n","protected":false},"excerpt":{"rendered":"<p>Feia 50 anys que no entrava en erupci\u00f3 el volc\u00e0 Cumbre Vieja. Va passar el diumenge 19 a l&#8217;illa de La Palma a les illes Can\u00e0ries. Ha expulsat tanta lava que pot omplir 3.000 piscines ol\u00edmpiques.<br \/>\nHan evacuat m\u00e9s de 5.000 mil persones i s&#8217;han destru\u00eft&hellip;  <a href=\"https:\/\/agora.xtec.cat\/escolalavilapalamos\/escrivim-noticies-a-la-web\/el-volca-cumbre-vieja-3\/\" title=\"Read El volc\u00e0 Cumbre Vieja\">Llegeix m\u00e9s\u00bb<\/a><\/p>\n","protected":false},"author":171,"featured_media":10143,"comment_status":"open","ping_status":"closed","sticky":false,"template":"","format":"standard","meta":{"_bbp_topic_count":0,"_bbp_reply_count":0,"_bbp_total_topic_count":0,"_bbp_total_reply_count":0,"_bbp_voice_count":0,"_bbp_anonymous_reply_count":0,"_bbp_topic_count_hidden":0,"_bbp_reply_count_hidden":0,"_bbp_forum_subforum_count":0,"footnotes":""},"categories":[139],"tags":[],"class_list":["post-10071","post","type-post","status-publish","format-standard","has-post-thumbnail","hentry","category-escrivim-noticies-a-la-web"],"post_mailing_queue_ids":[],"_links":{"self":[{"href":"https:\/\/agora.xtec.cat\/escolalavilapalamos\/wp-json\/wp\/v2\/posts\/10071","targetHints":{"allow":["GET"]}}],"collection":[{"href":"https:\/\/agora.xtec.cat\/escolalavilapalamos\/wp-json\/wp\/v2\/posts"}],"about":[{"href":"https:\/\/agora.xtec.cat\/escolalavilapalamos\/wp-json\/wp\/v2\/types\/post"}],"author":[{"embeddable":true,"href":"https:\/\/agora.xtec.cat\/escolalavilapalamos\/wp-json\/wp\/v2\/users\/171"}],"replies":[{"embeddable":true,"href":"https:\/\/agora.xtec.cat\/escolalavilapalamos\/wp-json\/wp\/v2\/comments?post=10071"}],"version-history":[{"count":3,"href":"https:\/\/agora.xtec.cat\/escolalavilapalamos\/wp-json\/wp\/v2\/posts\/10071\/revisions"}],"predecessor-version":[{"id":10144,"href":"https:\/\/agora.xtec.cat\/escolalavilapalamos\/wp-json\/wp\/v2\/posts\/10071\/revisions\/10144"}],"wp:featuredmedia":[{"embeddable":true,"href":"https:\/\/agora.xtec.cat\/escolalavilapalamos\/wp-json\/wp\/v2\/media\/10143"}],"wp:attachment":[{"href":"https:\/\/agora.xtec.cat\/escolalavilapalamos\/wp-json\/wp\/v2\/media?parent=10071"}],"wp:term":[{"taxonomy":"category","embeddable":true,"href":"https:\/\/agora.xtec.cat\/escolalavilapalamos\/wp-json\/wp\/v2\/categories?post=10071"},{"taxonomy":"post_tag","embeddable":true,"href":"https:\/\/agora.xtec.cat\/escolalavilapalamos\/wp-json\/wp\/v2\/tags?post=10071"}],"curies":[{"name":"wp","href":"https:\/\/api.w.org\/{rel}","templated":true}]}}