{"id":10069,"date":"2021-10-19T10:51:20","date_gmt":"2021-10-19T08:51:20","guid":{"rendered":"https:\/\/agora.xtec.cat\/escolalavilapalamos\/?p=10069"},"modified":"2021-10-19T10:51:20","modified_gmt":"2021-10-19T08:51:20","slug":"el-volca-cumbre-vieja-ha-eclosionat","status":"publish","type":"post","link":"https:\/\/agora.xtec.cat\/escolalavilapalamos\/general\/el-volca-cumbre-vieja-ha-eclosionat\/","title":{"rendered":"El volc\u00e0 Cumbre Vieja ha eclosionat"},"content":{"rendered":"<p><img loading=\"lazy\" decoding=\"async\" class=\"alignright\" src=\"https:\/\/ep01.epimg.net\/elpais\/imagenes\/2021\/09\/29\/album\/1632928406_318842_1632928753_noticia_normal.jpg\" alt=\"Fotos: La llegada al mar de la lava del volc\u00e1n de Cumbre Vieja, en im\u00e1genes | Sociedad | EL PA\u00cdS\" width=\"449\" height=\"281\" \/><\/p>\n<p>Diumenge 19 de setembre el volc\u00e0 Cumbre Vieja ha entrat en erupci\u00f3. No ha causat cap ferit.<\/p>\n<p>Feia 50 anys que no erupcionava. Segueix sortint lava.<\/p>\n<p>La lava ha fet una colada de mil graus i ha destru\u00eft cases i conreus de pl\u00e0tans.<\/p>\n<p>Pilar Moya i Ailyn Patau<\/p>\n<p>&nbsp;<\/p>\n<p><iframe loading=\"lazy\" src=\"\/\/www.youtube.com\/embed\/DBIyTG1hod4\" width=\"560\" height=\"314\"><\/iframe><\/p>\n","protected":false},"excerpt":{"rendered":"<p>Diumenge 19 de setembre el volc\u00e0 Cumbre Vieja ha entrat en erupci\u00f3. No ha causat cap ferit.<br \/>\nFeia 50 anys que no erupcionava. Segueix sortint lava.<br \/>\nLa lava ha fet una colada de mil graus i ha destru\u00eft cases i conreus de pl\u00e0tans.<br \/>\nPilar Moya i Ailyn Patau<br \/>\n&nbsp;<\/p>\n","protected":false},"author":171,"featured_media":10146,"comment_status":"open","ping_status":"closed","sticky":false,"template":"","format":"standard","meta":{"_bbp_topic_count":0,"_bbp_reply_count":0,"_bbp_total_topic_count":0,"_bbp_total_reply_count":0,"_bbp_voice_count":0,"_bbp_anonymous_reply_count":0,"_bbp_topic_count_hidden":0,"_bbp_reply_count_hidden":0,"_bbp_forum_subforum_count":0,"footnotes":""},"categories":[139,1],"tags":[],"class_list":["post-10069","post","type-post","status-publish","format-standard","has-post-thumbnail","hentry","category-escrivim-noticies-a-la-web","category-general"],"post_mailing_queue_ids":[],"_links":{"self":[{"href":"https:\/\/agora.xtec.cat\/escolalavilapalamos\/wp-json\/wp\/v2\/posts\/10069","targetHints":{"allow":["GET"]}}],"collection":[{"href":"https:\/\/agora.xtec.cat\/escolalavilapalamos\/wp-json\/wp\/v2\/posts"}],"about":[{"href":"https:\/\/agora.xtec.cat\/escolalavilapalamos\/wp-json\/wp\/v2\/types\/post"}],"author":[{"embeddable":true,"href":"https:\/\/agora.xtec.cat\/escolalavilapalamos\/wp-json\/wp\/v2\/users\/171"}],"replies":[{"embeddable":true,"href":"https:\/\/agora.xtec.cat\/escolalavilapalamos\/wp-json\/wp\/v2\/comments?post=10069"}],"version-history":[{"count":3,"href":"https:\/\/agora.xtec.cat\/escolalavilapalamos\/wp-json\/wp\/v2\/posts\/10069\/revisions"}],"predecessor-version":[{"id":10147,"href":"https:\/\/agora.xtec.cat\/escolalavilapalamos\/wp-json\/wp\/v2\/posts\/10069\/revisions\/10147"}],"wp:featuredmedia":[{"embeddable":true,"href":"https:\/\/agora.xtec.cat\/escolalavilapalamos\/wp-json\/wp\/v2\/media\/10146"}],"wp:attachment":[{"href":"https:\/\/agora.xtec.cat\/escolalavilapalamos\/wp-json\/wp\/v2\/media?parent=10069"}],"wp:term":[{"taxonomy":"category","embeddable":true,"href":"https:\/\/agora.xtec.cat\/escolalavilapalamos\/wp-json\/wp\/v2\/categories?post=10069"},{"taxonomy":"post_tag","embeddable":true,"href":"https:\/\/agora.xtec.cat\/escolalavilapalamos\/wp-json\/wp\/v2\/tags?post=10069"}],"curies":[{"name":"wp","href":"https:\/\/api.w.org\/{rel}","templated":true}]}}