{"id":10068,"date":"2021-10-19T10:04:49","date_gmt":"2021-10-19T08:04:49","guid":{"rendered":"https:\/\/agora.xtec.cat\/escolalavilapalamos\/?p=10068"},"modified":"2021-10-19T13:24:12","modified_gmt":"2021-10-19T11:24:12","slug":"el-volca-cumbre-vieja-2","status":"publish","type":"post","link":"https:\/\/agora.xtec.cat\/escolalavilapalamos\/escrivim-noticies-a-la-web\/el-volca-cumbre-vieja-2\/","title":{"rendered":"El volc\u00e0 Cumbre Vieja"},"content":{"rendered":"<p>El volc\u00e0 Cumbre Vieja ha cremat 700 cases. Diumenge 19 de\u00a0 setembre va entrar en erupci\u00f3 el volc\u00e0 Cumbre Vieja de l&#8217;illa de La Palma.<img loading=\"lazy\" decoding=\"async\" class=\"alignright\" src=\"https:\/\/www.diariodesevilla.es\/2021\/10\/11\/sociedad\/bocas-eruptivas-volcan-Cumbre-Vieja_1618948559_145315332_667x375.jpg\" alt=\"Volc\u00e1n de Cumbre Vieja: La lava gana m\u00e1s de 65 hect\u00e1reas de terreno en 24 horas y se acerca a las 600 afectadas\" width=\"377\" height=\"212\" \/><\/p>\n<p>La lava ha prorocat\u00a0 una colada de 1000\u00ba . La lava ha arribat al mar.<\/p>\n<p>Kamal El Ferchtali<\/p>\n","protected":false},"excerpt":{"rendered":"<p>El volc\u00e0 Cumbre Vieja ha cremat 700 cases. Diumenge 19 de\u00a0 setembre va entrar en erupci\u00f3 el volc\u00e0 Cumbre Vieja de l&#8217;illa de La Palma.<br \/>\nLa lava ha prorocat\u00a0 una colada de 1000\u00ba . La lava ha arribat al mar.<br \/>\nKamal El Ferchtali<\/p>\n","protected":false},"author":171,"featured_media":10163,"comment_status":"open","ping_status":"closed","sticky":false,"template":"","format":"standard","meta":{"_bbp_topic_count":0,"_bbp_reply_count":0,"_bbp_total_topic_count":0,"_bbp_total_reply_count":0,"_bbp_voice_count":0,"_bbp_anonymous_reply_count":0,"_bbp_topic_count_hidden":0,"_bbp_reply_count_hidden":0,"_bbp_forum_subforum_count":0,"footnotes":""},"categories":[139],"tags":[],"class_list":["post-10068","post","type-post","status-publish","format-standard","has-post-thumbnail","hentry","category-escrivim-noticies-a-la-web"],"post_mailing_queue_ids":[],"_links":{"self":[{"href":"https:\/\/agora.xtec.cat\/escolalavilapalamos\/wp-json\/wp\/v2\/posts\/10068","targetHints":{"allow":["GET"]}}],"collection":[{"href":"https:\/\/agora.xtec.cat\/escolalavilapalamos\/wp-json\/wp\/v2\/posts"}],"about":[{"href":"https:\/\/agora.xtec.cat\/escolalavilapalamos\/wp-json\/wp\/v2\/types\/post"}],"author":[{"embeddable":true,"href":"https:\/\/agora.xtec.cat\/escolalavilapalamos\/wp-json\/wp\/v2\/users\/171"}],"replies":[{"embeddable":true,"href":"https:\/\/agora.xtec.cat\/escolalavilapalamos\/wp-json\/wp\/v2\/comments?post=10068"}],"version-history":[{"count":2,"href":"https:\/\/agora.xtec.cat\/escolalavilapalamos\/wp-json\/wp\/v2\/posts\/10068\/revisions"}],"predecessor-version":[{"id":10141,"href":"https:\/\/agora.xtec.cat\/escolalavilapalamos\/wp-json\/wp\/v2\/posts\/10068\/revisions\/10141"}],"wp:featuredmedia":[{"embeddable":true,"href":"https:\/\/agora.xtec.cat\/escolalavilapalamos\/wp-json\/wp\/v2\/media\/10163"}],"wp:attachment":[{"href":"https:\/\/agora.xtec.cat\/escolalavilapalamos\/wp-json\/wp\/v2\/media?parent=10068"}],"wp:term":[{"taxonomy":"category","embeddable":true,"href":"https:\/\/agora.xtec.cat\/escolalavilapalamos\/wp-json\/wp\/v2\/categories?post=10068"},{"taxonomy":"post_tag","embeddable":true,"href":"https:\/\/agora.xtec.cat\/escolalavilapalamos\/wp-json\/wp\/v2\/tags?post=10068"}],"curies":[{"name":"wp","href":"https:\/\/api.w.org\/{rel}","templated":true}]}}