{"id":10066,"date":"2021-10-18T17:56:32","date_gmt":"2021-10-18T15:56:32","guid":{"rendered":"https:\/\/agora.xtec.cat\/escolalavilapalamos\/?p=10066"},"modified":"2021-10-22T11:44:11","modified_gmt":"2021-10-22T09:44:11","slug":"l-erupcio-dun-volca-a-la-palma","status":"publish","type":"post","link":"https:\/\/agora.xtec.cat\/escolalavilapalamos\/escrivim-noticies-a-la-web\/l-erupcio-dun-volca-a-la-palma\/","title":{"rendered":"L&#8217; erupci\u00f3 d&#8217;un volc\u00e0 a La Palma"},"content":{"rendered":"<p><img loading=\"lazy\" decoding=\"async\" class=\"alignright\" src=\"https:\/\/album.mediaset.es\/eimg\/10000\/2021\/09\/20\/clipping_ZlmEJz_c05c.jpg?w=480\" alt=\"An\u00e1lisis del volc\u00e1n de La Palma: &amp;quot;No parece que vaya a ser una erupci\u00f3n corta&amp;quot; - NIUS\" width=\"449\" height=\"253\" \/>Diumenge 19 de setembre el volc\u00e0 de La Palma, Cumbre Vieja\u00a0 ha erupcionat. 5000 persones han estat evacuades. La lava ha provocat una colada de 1000 graus. La lava ha destru\u00eft cases\u00a0\u00a0 i conreus\u00a0 \u00a0de pl\u00e0tans. La lava ha arribat al mar i es solidificava i ha fet cr\u00e9ixer l&#8217;illa.<\/p>\n<p>Harit Sierra i\u00a0 Carlos Moraga.<\/p>\n<p>&nbsp;<\/p>\n<p><iframe loading=\"lazy\" src=\"\/\/www.youtube.com\/embed\/-omSwqyfnkE\" width=\"560\" height=\"314\"><\/iframe><\/p>\n","protected":false},"excerpt":{"rendered":"<p>Diumenge 19 de setembre el volc\u00e0 de La Palma, Cumbre Vieja\u00a0 ha erupcionat. 5000 persones han estat evacuades. La lava ha provocat una colada de 1000 graus. La lava ha destru\u00eft cases\u00a0\u00a0 i conreus\u00a0 \u00a0de pl\u00e0tans. La lava ha arribat al mar i es solidificava&hellip;  <a href=\"https:\/\/agora.xtec.cat\/escolalavilapalamos\/escrivim-noticies-a-la-web\/l-erupcio-dun-volca-a-la-palma\/\" title=\"Read L&#8217; erupci\u00f3 d&#8217;un volc\u00e0 a La Palma\">Llegeix m\u00e9s\u00bb<\/a><\/p>\n","protected":false},"author":171,"featured_media":10139,"comment_status":"open","ping_status":"closed","sticky":false,"template":"","format":"standard","meta":{"_bbp_topic_count":0,"_bbp_reply_count":0,"_bbp_total_topic_count":0,"_bbp_total_reply_count":0,"_bbp_voice_count":0,"_bbp_anonymous_reply_count":0,"_bbp_topic_count_hidden":0,"_bbp_reply_count_hidden":0,"_bbp_forum_subforum_count":0,"footnotes":""},"categories":[139],"tags":[],"class_list":["post-10066","post","type-post","status-publish","format-standard","has-post-thumbnail","hentry","category-escrivim-noticies-a-la-web"],"post_mailing_queue_ids":[],"_links":{"self":[{"href":"https:\/\/agora.xtec.cat\/escolalavilapalamos\/wp-json\/wp\/v2\/posts\/10066","targetHints":{"allow":["GET"]}}],"collection":[{"href":"https:\/\/agora.xtec.cat\/escolalavilapalamos\/wp-json\/wp\/v2\/posts"}],"about":[{"href":"https:\/\/agora.xtec.cat\/escolalavilapalamos\/wp-json\/wp\/v2\/types\/post"}],"author":[{"embeddable":true,"href":"https:\/\/agora.xtec.cat\/escolalavilapalamos\/wp-json\/wp\/v2\/users\/171"}],"replies":[{"embeddable":true,"href":"https:\/\/agora.xtec.cat\/escolalavilapalamos\/wp-json\/wp\/v2\/comments?post=10066"}],"version-history":[{"count":3,"href":"https:\/\/agora.xtec.cat\/escolalavilapalamos\/wp-json\/wp\/v2\/posts\/10066\/revisions"}],"predecessor-version":[{"id":10140,"href":"https:\/\/agora.xtec.cat\/escolalavilapalamos\/wp-json\/wp\/v2\/posts\/10066\/revisions\/10140"}],"wp:featuredmedia":[{"embeddable":true,"href":"https:\/\/agora.xtec.cat\/escolalavilapalamos\/wp-json\/wp\/v2\/media\/10139"}],"wp:attachment":[{"href":"https:\/\/agora.xtec.cat\/escolalavilapalamos\/wp-json\/wp\/v2\/media?parent=10066"}],"wp:term":[{"taxonomy":"category","embeddable":true,"href":"https:\/\/agora.xtec.cat\/escolalavilapalamos\/wp-json\/wp\/v2\/categories?post=10066"},{"taxonomy":"post_tag","embeddable":true,"href":"https:\/\/agora.xtec.cat\/escolalavilapalamos\/wp-json\/wp\/v2\/tags?post=10066"}],"curies":[{"name":"wp","href":"https:\/\/api.w.org\/{rel}","templated":true}]}}